{"id":5375,"date":"2025-05-01T00:04:02","date_gmt":"2025-04-30T22:04:02","guid":{"rendered":"https:\/\/www.aerostrutture.it\/?p=5375"},"modified":"2025-05-26T10:21:15","modified_gmt":"2025-05-26T08:21:15","slug":"1-maggio-2025-festa-del-lavoro-gli-auguri-del-presidente-di-a-s","status":"publish","type":"post","link":"https:\/\/www.aerostrutture.it\/it\/1-maggio-2025-festa-del-lavoro-gli-auguri-del-presidente-di-a-s\/","title":{"rendered":"1\u00b0 maggio 2025\u00a0 &#8211; Festa del lavoro. Gli auguri del Presidente di A\/S."},"content":{"rendered":"\n<p>Nella giornata che celebra il lavoro ed i lavoratori credo sia opportuna e doverosa una profonda riflessione per ricordare il sacrificio, a volte fatto anche di sangue, versato dai lavoratori per ottenere condizioni di vita e di lavoro migliori ed ai tanti, che sul lavoro, hanno perso la propria vita perch\u00e9 non sufficientemente tutelati da chi aveva l\u2019obbligo di farlo sul piano della salute e sicurezza.<\/p>\n\n\n\n<p>Purtroppo ancora oggi si registrano troppi incidenti e morti sul lavoro; numeri inaccettabili che devono spingere ad un impegno vasto e condiviso, a qualsiasi livello per la sicurezza; dalle Istituzioni agli imprenditori e agli stessi lavoratori che devono essere consapevoli dei propri diritti e dei doveri da rispettare per la propria ed &nbsp;altrui sicurezza.<\/p>\n\n\n\n<p>Onoriamo oggi, e non solo oggi, il valore e la dignit\u00e0 del lavoro, il pilastro su cui i nostri padri costituenti vollero costruire il fondamento della nostra Repubblica. Il lavoro come mezzo per garantire lo sviluppo personale di ogni cittadino per realizzarsi come singolo e contribuire, con il sudore ed il sacrificio che ogni lavoro comporta, al progresso della societ\u00e0 e alla crescita del territorio, fieri per aver fornito un piccolo ma fondamentale contributo al progresso generale della nostra Nazione.<\/p>\n\n\n\n<p>Come di consueto in occasione di questa ricorrenza, porgo i miei pi\u00f9 sentiti e sinceri ringraziamenti a tutto il personale, come \u00e8 mio solito fare personalmente in azienda &nbsp;con ogni collaboratore. Alle nostre lavoratrici e lavoratori, la nostra vera grande forza; la ricchezza che consente di crescere insieme per il fine comune; quello di sentirci soddisfatti per ci\u00f2 che produciamo con il nostro impegno e la professionalit\u00e0 di ciascuno e che ci consente di raggiungere, giorno dopo giorno, mesi ed anni, traguardi sempre pi\u00f9 ambiziosi consolidando la nostra posizione nella filiera dello strategico settore industriale e manifatturiero.<\/p>\n\n\n\n<p>Il nostro impegno \u00e8 il frutto della dignit\u00e0 che il lavoro stesso ci dona quotidianamente. Continuiamo ad impegnarci per le nostre&nbsp; famiglie, per la terra che ci ospita ma anche per chi ci sar\u00e0 dopo di noi, affinch\u00e9 &nbsp;possa ereditare quel sogno industriale in cui abbiamo creduto e crediamo tuttora per un futuro di solidariet\u00e0 e progresso sociale.<\/p>\n\n\n\n<p>Confidiamo nelle Istituzioni&nbsp;democratiche affinch\u00e9 possano recepire gli sforzi e le aspettative dei lavoratori e sostenerli con misure a supporto ed impulso creando nuove opportunit\u00e0 di sviluppo ed incentivazione di un settore di cruciale interesse internazionale.<\/p>\n\n\n\n<p>Desidero concludere ricordando&nbsp; una citazione di un filosofo scrittore russo.<\/p>\n\n\n\n<p><em>\u201cPossiamo&nbsp;<\/em>vivere <em>&nbsp;nel&nbsp;mondo &nbsp;una&nbsp;vita meravigliosa se sappiamo&nbsp; lavorare &nbsp;e&nbsp;amare, lavorare per coloro che amiamo e&nbsp;amare ci\u00f2 per cui lavoriamo.\u201d (Lev Tolstoj)<\/em><\/p>\n\n\n\n<p>Grazie per tutto quello che fate per questa azienda.<\/p>\n\n\n\n<p>Il Presidente Augusto Michelagnoli.<\/p>\n\n\n\n<p>In concomitanza della festivit\u00e0 del Primo Maggio si \u00e9 tenuta una cena sociale di A\/S  in segno di condivisione e affiatamento del nostro grande gruppo. <\/p>\n\n\n\n<figure class=\"wp-block-image size-large\"><img fetchpriority=\"high\" decoding=\"async\" width=\"1024\" height=\"768\" src=\"https:\/\/aerostrutture.it\/wp-content\/uploads\/2025\/05\/IMG-20250501-WA0015-1024x768.jpg\" alt=\"\" class=\"wp-image-5382\" srcset=\"https:\/\/www.aerostrutture.it\/wp-content\/uploads\/2025\/05\/IMG-20250501-WA0015-1024x768.jpg 1024w, https:\/\/www.aerostrutture.it\/wp-content\/uploads\/2025\/05\/IMG-20250501-WA0015-300x225.jpg 300w, https:\/\/www.aerostrutture.it\/wp-content\/uploads\/2025\/05\/IMG-20250501-WA0015-768x576.jpg 768w, https:\/\/www.aerostrutture.it\/wp-content\/uploads\/2025\/05\/IMG-20250501-WA0015-1536x1152.jpg 1536w, https:\/\/www.aerostrutture.it\/wp-content\/uploads\/2025\/05\/IMG-20250501-WA0015-370x278.jpg 370w, https:\/\/www.aerostrutture.it\/wp-content\/uploads\/2025\/05\/IMG-20250501-WA0015-840x630.jpg 840w, https:\/\/www.aerostrutture.it\/wp-content\/uploads\/2025\/05\/IMG-20250501-WA0015-410x308.jpg 410w, https:\/\/www.aerostrutture.it\/wp-content\/uploads\/2025\/05\/IMG-20250501-WA0015.jpg 1600w\" sizes=\"(max-width: 1024px) 100vw, 1024px\" \/><\/figure>\n\n\n\n<div class=\"wp-block-cover\"><img decoding=\"async\" width=\"768\" height=\"1024\" class=\"wp-block-cover__image-background wp-image-5384\" alt=\"\" src=\"https:\/\/aerostrutture.it\/wp-content\/uploads\/2025\/05\/IMG-20250501-WA0018-768x1024.jpg\" data-object-fit=\"cover\" srcset=\"https:\/\/www.aerostrutture.it\/wp-content\/uploads\/2025\/05\/IMG-20250501-WA0018-768x1024.jpg 768w, https:\/\/www.aerostrutture.it\/wp-content\/uploads\/2025\/05\/IMG-20250501-WA0018-225x300.jpg 225w, https:\/\/www.aerostrutture.it\/wp-content\/uploads\/2025\/05\/IMG-20250501-WA0018-1152x1536.jpg 1152w, https:\/\/www.aerostrutture.it\/wp-content\/uploads\/2025\/05\/IMG-20250501-WA0018-370x493.jpg 370w, https:\/\/www.aerostrutture.it\/wp-content\/uploads\/2025\/05\/IMG-20250501-WA0018-840x1120.jpg 840w, https:\/\/www.aerostrutture.it\/wp-content\/uploads\/2025\/05\/IMG-20250501-WA0018-410x547.jpg 410w, https:\/\/www.aerostrutture.it\/wp-content\/uploads\/2025\/05\/IMG-20250501-WA0018.jpg 1200w\" sizes=\"(max-width: 768px) 100vw, 768px\" \/><span aria-hidden=\"true\" class=\"wp-block-cover__background has-background-dim\"><\/span><div class=\"wp-block-cover__inner-container is-layout-flow wp-block-cover-is-layout-flow\">\n<p><\/p>\n\n\n\n<p><\/p>\n\n\n\n<p><\/p>\n\n\n\n<p><\/p>\n\n\n\n<p><\/p>\n\n\n\n<p><\/p>\n\n\n\n<p><\/p>\n\n\n\n<p class=\"has-text-align-center has-large-font-size\"><\/p>\n\n\n\n<h2 class=\"wp-block-heading\"><\/h2>\n\n\n\n<p><\/p>\n<\/div><\/div>\n\n\n\n<p>Il nostro gruppo<\/p>\n\n\n\n<figure class=\"wp-block-gallery has-nested-images columns-default is-cropped wp-block-gallery-1 is-layout-flex wp-block-gallery-is-layout-flex\">\n<figure class=\"wp-block-image size-large\"><img decoding=\"async\" width=\"822\" height=\"1024\" data-id=\"5400\" src=\"https:\/\/aerostrutture.it\/wp-content\/uploads\/2025\/05\/IMG-20250430-WA0008-1-822x1024.jpg\" alt=\"\" class=\"wp-image-5400\" srcset=\"https:\/\/www.aerostrutture.it\/wp-content\/uploads\/2025\/05\/IMG-20250430-WA0008-1-822x1024.jpg 822w, https:\/\/www.aerostrutture.it\/wp-content\/uploads\/2025\/05\/IMG-20250430-WA0008-1-241x300.jpg 241w, https:\/\/www.aerostrutture.it\/wp-content\/uploads\/2025\/05\/IMG-20250430-WA0008-1-768x957.jpg 768w, https:\/\/www.aerostrutture.it\/wp-content\/uploads\/2025\/05\/IMG-20250430-WA0008-1-1232x1536.jpg 1232w, https:\/\/www.aerostrutture.it\/wp-content\/uploads\/2025\/05\/IMG-20250430-WA0008-1-370x461.jpg 370w, https:\/\/www.aerostrutture.it\/wp-content\/uploads\/2025\/05\/IMG-20250430-WA0008-1-840x1047.jpg 840w, https:\/\/www.aerostrutture.it\/wp-content\/uploads\/2025\/05\/IMG-20250430-WA0008-1-410x511.jpg 410w, https:\/\/www.aerostrutture.it\/wp-content\/uploads\/2025\/05\/IMG-20250430-WA0008-1.jpg 1643w\" sizes=\"(max-width: 822px) 100vw, 822px\" \/><\/figure>\n<\/figure>\n\n\n\n<p>Dr. Augusto Michelagnoli<\/p>\n","protected":false},"excerpt":{"rendered":"<p>Nella giornata che celebra il lavoro ed i lavoratori credo sia opportuna e doverosa una&hellip;<\/p>\n","protected":false},"author":3,"featured_media":5384,"comment_status":"closed","ping_status":"closed","sticky":false,"template":"","format":"standard","meta":{"footnotes":""},"categories":[190],"tags":[],"class_list":["post-5375","post","type-post","status-publish","format-standard","has-post-thumbnail","hentry","category-news"],"yoast_head":"<!-- This site is optimized with the Yoast SEO plugin v27.5 - https:\/\/yoast.com\/product\/yoast-seo-wordpress\/ -->\n<title>1\u00b0 maggio 2025\u00a0 - Festa del lavoro. Gli auguri del Presidente di A\/S. - Aerostrutture S.p.A.<\/title>\n<meta name=\"robots\" content=\"index, follow, max-snippet:-1, max-image-preview:large, max-video-preview:-1\" \/>\n<link rel=\"canonical\" href=\"https:\/\/www.aerostrutture.it\/it\/1-maggio-2025-festa-del-lavoro-gli-auguri-del-presidente-di-a-s\/\" \/>\n<meta property=\"og:locale\" content=\"it_IT\" \/>\n<meta property=\"og:type\" content=\"article\" \/>\n<meta property=\"og:title\" content=\"1\u00b0 maggio 2025\u00a0 - Festa del lavoro. Gli auguri del Presidente di A\/S. - Aerostrutture S.p.A.\" \/>\n<meta property=\"og:description\" content=\"Nella giornata che celebra il lavoro ed i lavoratori credo sia opportuna e doverosa una&hellip;\" \/>\n<meta property=\"og:url\" content=\"https:\/\/www.aerostrutture.it\/it\/1-maggio-2025-festa-del-lavoro-gli-auguri-del-presidente-di-a-s\/\" \/>\n<meta property=\"og:site_name\" content=\"Aerostrutture S.p.A.\" \/>\n<meta property=\"article:published_time\" content=\"2025-04-30T22:04:02+00:00\" \/>\n<meta property=\"article:modified_time\" content=\"2025-05-26T08:21:15+00:00\" \/>\n<meta property=\"og:image\" content=\"https:\/\/www.aerostrutture.it\/wp-content\/uploads\/2025\/05\/IMG-20250501-WA0018.jpg\" \/>\n\t<meta property=\"og:image:width\" content=\"1200\" \/>\n\t<meta property=\"og:image:height\" content=\"1600\" \/>\n\t<meta property=\"og:image:type\" content=\"image\/jpeg\" \/>\n<meta name=\"author\" content=\"aerostrutture\" \/>\n<meta name=\"twitter:card\" content=\"summary_large_image\" \/>\n<meta name=\"twitter:label1\" content=\"Scritto da\" \/>\n\t<meta name=\"twitter:data1\" content=\"aerostrutture\" \/>\n\t<meta name=\"twitter:label2\" content=\"Tempo di lettura stimato\" \/>\n\t<meta name=\"twitter:data2\" content=\"4 minuti\" \/>\n<script type=\"application\/ld+json\" class=\"yoast-schema-graph\">{\"@context\":\"https:\\\/\\\/schema.org\",\"@graph\":[{\"@type\":\"Article\",\"@id\":\"https:\\\/\\\/www.aerostrutture.it\\\/it\\\/1-maggio-2025-festa-del-lavoro-gli-auguri-del-presidente-di-a-s\\\/#article\",\"isPartOf\":{\"@id\":\"https:\\\/\\\/www.aerostrutture.it\\\/it\\\/1-maggio-2025-festa-del-lavoro-gli-auguri-del-presidente-di-a-s\\\/\"},\"author\":{\"name\":\"aerostrutture\",\"@id\":\"https:\\\/\\\/www.aerostrutture.it\\\/#\\\/schema\\\/person\\\/61f6877edb09429efac93c877a02efa4\"},\"headline\":\"1\u00b0 maggio 2025\u00a0 &#8211; Festa del lavoro. Gli auguri del Presidente di A\\\/S.\",\"datePublished\":\"2025-04-30T22:04:02+00:00\",\"dateModified\":\"2025-05-26T08:21:15+00:00\",\"mainEntityOfPage\":{\"@id\":\"https:\\\/\\\/www.aerostrutture.it\\\/it\\\/1-maggio-2025-festa-del-lavoro-gli-auguri-del-presidente-di-a-s\\\/\"},\"wordCount\":496,\"publisher\":{\"@id\":\"https:\\\/\\\/www.aerostrutture.it\\\/#organization\"},\"image\":{\"@id\":\"https:\\\/\\\/www.aerostrutture.it\\\/it\\\/1-maggio-2025-festa-del-lavoro-gli-auguri-del-presidente-di-a-s\\\/#primaryimage\"},\"thumbnailUrl\":\"https:\\\/\\\/www.aerostrutture.it\\\/wp-content\\\/uploads\\\/2025\\\/05\\\/IMG-20250501-WA0018.jpg\",\"articleSection\":[\"News\"],\"inLanguage\":\"it-IT\"},{\"@type\":\"WebPage\",\"@id\":\"https:\\\/\\\/www.aerostrutture.it\\\/it\\\/1-maggio-2025-festa-del-lavoro-gli-auguri-del-presidente-di-a-s\\\/\",\"url\":\"https:\\\/\\\/www.aerostrutture.it\\\/it\\\/1-maggio-2025-festa-del-lavoro-gli-auguri-del-presidente-di-a-s\\\/\",\"name\":\"1\u00b0 maggio 2025\u00a0 - Festa del lavoro. Gli auguri del Presidente di A\\\/S. - Aerostrutture S.p.A.\",\"isPartOf\":{\"@id\":\"https:\\\/\\\/www.aerostrutture.it\\\/#website\"},\"primaryImageOfPage\":{\"@id\":\"https:\\\/\\\/www.aerostrutture.it\\\/it\\\/1-maggio-2025-festa-del-lavoro-gli-auguri-del-presidente-di-a-s\\\/#primaryimage\"},\"image\":{\"@id\":\"https:\\\/\\\/www.aerostrutture.it\\\/it\\\/1-maggio-2025-festa-del-lavoro-gli-auguri-del-presidente-di-a-s\\\/#primaryimage\"},\"thumbnailUrl\":\"https:\\\/\\\/www.aerostrutture.it\\\/wp-content\\\/uploads\\\/2025\\\/05\\\/IMG-20250501-WA0018.jpg\",\"datePublished\":\"2025-04-30T22:04:02+00:00\",\"dateModified\":\"2025-05-26T08:21:15+00:00\",\"breadcrumb\":{\"@id\":\"https:\\\/\\\/www.aerostrutture.it\\\/it\\\/1-maggio-2025-festa-del-lavoro-gli-auguri-del-presidente-di-a-s\\\/#breadcrumb\"},\"inLanguage\":\"it-IT\",\"potentialAction\":[{\"@type\":\"ReadAction\",\"target\":[\"https:\\\/\\\/www.aerostrutture.it\\\/it\\\/1-maggio-2025-festa-del-lavoro-gli-auguri-del-presidente-di-a-s\\\/\"]}]},{\"@type\":\"ImageObject\",\"inLanguage\":\"it-IT\",\"@id\":\"https:\\\/\\\/www.aerostrutture.it\\\/it\\\/1-maggio-2025-festa-del-lavoro-gli-auguri-del-presidente-di-a-s\\\/#primaryimage\",\"url\":\"https:\\\/\\\/www.aerostrutture.it\\\/wp-content\\\/uploads\\\/2025\\\/05\\\/IMG-20250501-WA0018.jpg\",\"contentUrl\":\"https:\\\/\\\/www.aerostrutture.it\\\/wp-content\\\/uploads\\\/2025\\\/05\\\/IMG-20250501-WA0018.jpg\",\"width\":1200,\"height\":1600},{\"@type\":\"BreadcrumbList\",\"@id\":\"https:\\\/\\\/www.aerostrutture.it\\\/it\\\/1-maggio-2025-festa-del-lavoro-gli-auguri-del-presidente-di-a-s\\\/#breadcrumb\",\"itemListElement\":[{\"@type\":\"ListItem\",\"position\":1,\"name\":\"Home\",\"item\":\"https:\\\/\\\/www.aerostrutture.it\\\/it\\\/\"},{\"@type\":\"ListItem\",\"position\":2,\"name\":\"1\u00b0 maggio 2025\u00a0 &#8211; Festa del lavoro. Gli auguri del Presidente di A\\\/S.\"}]},{\"@type\":\"WebSite\",\"@id\":\"https:\\\/\\\/www.aerostrutture.it\\\/#website\",\"url\":\"https:\\\/\\\/www.aerostrutture.it\\\/\",\"name\":\"Aerostrutture S.p.A.\",\"description\":\"\",\"publisher\":{\"@id\":\"https:\\\/\\\/www.aerostrutture.it\\\/#organization\"},\"potentialAction\":[{\"@type\":\"SearchAction\",\"target\":{\"@type\":\"EntryPoint\",\"urlTemplate\":\"https:\\\/\\\/www.aerostrutture.it\\\/?s={search_term_string}\"},\"query-input\":{\"@type\":\"PropertyValueSpecification\",\"valueRequired\":true,\"valueName\":\"search_term_string\"}}],\"inLanguage\":\"it-IT\"},{\"@type\":\"Organization\",\"@id\":\"https:\\\/\\\/www.aerostrutture.it\\\/#organization\",\"name\":\"Aerostruttura s.p.A.\",\"url\":\"https:\\\/\\\/www.aerostrutture.it\\\/\",\"logo\":{\"@type\":\"ImageObject\",\"inLanguage\":\"it-IT\",\"@id\":\"https:\\\/\\\/www.aerostrutture.it\\\/#\\\/schema\\\/logo\\\/image\\\/\",\"url\":\"https:\\\/\\\/www.aerostrutture.it\\\/wp-content\\\/uploads\\\/2020\\\/06\\\/aerostrutture_logo.png\",\"contentUrl\":\"https:\\\/\\\/www.aerostrutture.it\\\/wp-content\\\/uploads\\\/2020\\\/06\\\/aerostrutture_logo.png\",\"width\":213,\"height\":79,\"caption\":\"Aerostruttura s.p.A.\"},\"image\":{\"@id\":\"https:\\\/\\\/www.aerostrutture.it\\\/#\\\/schema\\\/logo\\\/image\\\/\"}},{\"@type\":\"Person\",\"@id\":\"https:\\\/\\\/www.aerostrutture.it\\\/#\\\/schema\\\/person\\\/61f6877edb09429efac93c877a02efa4\",\"name\":\"aerostrutture\",\"image\":{\"@type\":\"ImageObject\",\"inLanguage\":\"it-IT\",\"@id\":\"https:\\\/\\\/secure.gravatar.com\\\/avatar\\\/780aad60a92c256d06db83e72f305a1dcadff979409d47eb379dde8999afa204?s=96&d=mm&r=g\",\"url\":\"https:\\\/\\\/secure.gravatar.com\\\/avatar\\\/780aad60a92c256d06db83e72f305a1dcadff979409d47eb379dde8999afa204?s=96&d=mm&r=g\",\"contentUrl\":\"https:\\\/\\\/secure.gravatar.com\\\/avatar\\\/780aad60a92c256d06db83e72f305a1dcadff979409d47eb379dde8999afa204?s=96&d=mm&r=g\",\"caption\":\"aerostrutture\"}}]}<\/script>\n<!-- \/ Yoast SEO plugin. -->","yoast_head_json":{"title":"1\u00b0 maggio 2025\u00a0 - Festa del lavoro. Gli auguri del Presidente di A\/S. - Aerostrutture S.p.A.","robots":{"index":"index","follow":"follow","max-snippet":"max-snippet:-1","max-image-preview":"max-image-preview:large","max-video-preview":"max-video-preview:-1"},"canonical":"https:\/\/www.aerostrutture.it\/it\/1-maggio-2025-festa-del-lavoro-gli-auguri-del-presidente-di-a-s\/","og_locale":"it_IT","og_type":"article","og_title":"1\u00b0 maggio 2025\u00a0 - Festa del lavoro. Gli auguri del Presidente di A\/S. - Aerostrutture S.p.A.","og_description":"Nella giornata che celebra il lavoro ed i lavoratori credo sia opportuna e doverosa una&hellip;","og_url":"https:\/\/www.aerostrutture.it\/it\/1-maggio-2025-festa-del-lavoro-gli-auguri-del-presidente-di-a-s\/","og_site_name":"Aerostrutture S.p.A.","article_published_time":"2025-04-30T22:04:02+00:00","article_modified_time":"2025-05-26T08:21:15+00:00","og_image":[{"width":1200,"height":1600,"url":"https:\/\/www.aerostrutture.it\/wp-content\/uploads\/2025\/05\/IMG-20250501-WA0018.jpg","type":"image\/jpeg"}],"author":"aerostrutture","twitter_card":"summary_large_image","twitter_misc":{"Scritto da":"aerostrutture","Tempo di lettura stimato":"4 minuti"},"schema":{"@context":"https:\/\/schema.org","@graph":[{"@type":"Article","@id":"https:\/\/www.aerostrutture.it\/it\/1-maggio-2025-festa-del-lavoro-gli-auguri-del-presidente-di-a-s\/#article","isPartOf":{"@id":"https:\/\/www.aerostrutture.it\/it\/1-maggio-2025-festa-del-lavoro-gli-auguri-del-presidente-di-a-s\/"},"author":{"name":"aerostrutture","@id":"https:\/\/www.aerostrutture.it\/#\/schema\/person\/61f6877edb09429efac93c877a02efa4"},"headline":"1\u00b0 maggio 2025\u00a0 &#8211; Festa del lavoro. Gli auguri del Presidente di A\/S.","datePublished":"2025-04-30T22:04:02+00:00","dateModified":"2025-05-26T08:21:15+00:00","mainEntityOfPage":{"@id":"https:\/\/www.aerostrutture.it\/it\/1-maggio-2025-festa-del-lavoro-gli-auguri-del-presidente-di-a-s\/"},"wordCount":496,"publisher":{"@id":"https:\/\/www.aerostrutture.it\/#organization"},"image":{"@id":"https:\/\/www.aerostrutture.it\/it\/1-maggio-2025-festa-del-lavoro-gli-auguri-del-presidente-di-a-s\/#primaryimage"},"thumbnailUrl":"https:\/\/www.aerostrutture.it\/wp-content\/uploads\/2025\/05\/IMG-20250501-WA0018.jpg","articleSection":["News"],"inLanguage":"it-IT"},{"@type":"WebPage","@id":"https:\/\/www.aerostrutture.it\/it\/1-maggio-2025-festa-del-lavoro-gli-auguri-del-presidente-di-a-s\/","url":"https:\/\/www.aerostrutture.it\/it\/1-maggio-2025-festa-del-lavoro-gli-auguri-del-presidente-di-a-s\/","name":"1\u00b0 maggio 2025\u00a0 - Festa del lavoro. Gli auguri del Presidente di A\/S. - Aerostrutture S.p.A.","isPartOf":{"@id":"https:\/\/www.aerostrutture.it\/#website"},"primaryImageOfPage":{"@id":"https:\/\/www.aerostrutture.it\/it\/1-maggio-2025-festa-del-lavoro-gli-auguri-del-presidente-di-a-s\/#primaryimage"},"image":{"@id":"https:\/\/www.aerostrutture.it\/it\/1-maggio-2025-festa-del-lavoro-gli-auguri-del-presidente-di-a-s\/#primaryimage"},"thumbnailUrl":"https:\/\/www.aerostrutture.it\/wp-content\/uploads\/2025\/05\/IMG-20250501-WA0018.jpg","datePublished":"2025-04-30T22:04:02+00:00","dateModified":"2025-05-26T08:21:15+00:00","breadcrumb":{"@id":"https:\/\/www.aerostrutture.it\/it\/1-maggio-2025-festa-del-lavoro-gli-auguri-del-presidente-di-a-s\/#breadcrumb"},"inLanguage":"it-IT","potentialAction":[{"@type":"ReadAction","target":["https:\/\/www.aerostrutture.it\/it\/1-maggio-2025-festa-del-lavoro-gli-auguri-del-presidente-di-a-s\/"]}]},{"@type":"ImageObject","inLanguage":"it-IT","@id":"https:\/\/www.aerostrutture.it\/it\/1-maggio-2025-festa-del-lavoro-gli-auguri-del-presidente-di-a-s\/#primaryimage","url":"https:\/\/www.aerostrutture.it\/wp-content\/uploads\/2025\/05\/IMG-20250501-WA0018.jpg","contentUrl":"https:\/\/www.aerostrutture.it\/wp-content\/uploads\/2025\/05\/IMG-20250501-WA0018.jpg","width":1200,"height":1600},{"@type":"BreadcrumbList","@id":"https:\/\/www.aerostrutture.it\/it\/1-maggio-2025-festa-del-lavoro-gli-auguri-del-presidente-di-a-s\/#breadcrumb","itemListElement":[{"@type":"ListItem","position":1,"name":"Home","item":"https:\/\/www.aerostrutture.it\/it\/"},{"@type":"ListItem","position":2,"name":"1\u00b0 maggio 2025\u00a0 &#8211; Festa del lavoro. Gli auguri del Presidente di A\/S."}]},{"@type":"WebSite","@id":"https:\/\/www.aerostrutture.it\/#website","url":"https:\/\/www.aerostrutture.it\/","name":"Aerostrutture S.p.A.","description":"","publisher":{"@id":"https:\/\/www.aerostrutture.it\/#organization"},"potentialAction":[{"@type":"SearchAction","target":{"@type":"EntryPoint","urlTemplate":"https:\/\/www.aerostrutture.it\/?s={search_term_string}"},"query-input":{"@type":"PropertyValueSpecification","valueRequired":true,"valueName":"search_term_string"}}],"inLanguage":"it-IT"},{"@type":"Organization","@id":"https:\/\/www.aerostrutture.it\/#organization","name":"Aerostruttura s.p.A.","url":"https:\/\/www.aerostrutture.it\/","logo":{"@type":"ImageObject","inLanguage":"it-IT","@id":"https:\/\/www.aerostrutture.it\/#\/schema\/logo\/image\/","url":"https:\/\/www.aerostrutture.it\/wp-content\/uploads\/2020\/06\/aerostrutture_logo.png","contentUrl":"https:\/\/www.aerostrutture.it\/wp-content\/uploads\/2020\/06\/aerostrutture_logo.png","width":213,"height":79,"caption":"Aerostruttura s.p.A."},"image":{"@id":"https:\/\/www.aerostrutture.it\/#\/schema\/logo\/image\/"}},{"@type":"Person","@id":"https:\/\/www.aerostrutture.it\/#\/schema\/person\/61f6877edb09429efac93c877a02efa4","name":"aerostrutture","image":{"@type":"ImageObject","inLanguage":"it-IT","@id":"https:\/\/secure.gravatar.com\/avatar\/780aad60a92c256d06db83e72f305a1dcadff979409d47eb379dde8999afa204?s=96&d=mm&r=g","url":"https:\/\/secure.gravatar.com\/avatar\/780aad60a92c256d06db83e72f305a1dcadff979409d47eb379dde8999afa204?s=96&d=mm&r=g","contentUrl":"https:\/\/secure.gravatar.com\/avatar\/780aad60a92c256d06db83e72f305a1dcadff979409d47eb379dde8999afa204?s=96&d=mm&r=g","caption":"aerostrutture"}}]}},"_links":{"self":[{"href":"https:\/\/www.aerostrutture.it\/it\/wp-json\/wp\/v2\/posts\/5375","targetHints":{"allow":["GET"]}}],"collection":[{"href":"https:\/\/www.aerostrutture.it\/it\/wp-json\/wp\/v2\/posts"}],"about":[{"href":"https:\/\/www.aerostrutture.it\/it\/wp-json\/wp\/v2\/types\/post"}],"author":[{"embeddable":true,"href":"https:\/\/www.aerostrutture.it\/it\/wp-json\/wp\/v2\/users\/3"}],"replies":[{"embeddable":true,"href":"https:\/\/www.aerostrutture.it\/it\/wp-json\/wp\/v2\/comments?post=5375"}],"version-history":[{"count":1,"href":"https:\/\/www.aerostrutture.it\/it\/wp-json\/wp\/v2\/posts\/5375\/revisions"}],"predecessor-version":[{"id":19705,"href":"https:\/\/www.aerostrutture.it\/it\/wp-json\/wp\/v2\/posts\/5375\/revisions\/19705"}],"wp:featuredmedia":[{"embeddable":true,"href":"https:\/\/www.aerostrutture.it\/it\/wp-json\/wp\/v2\/media\/5384"}],"wp:attachment":[{"href":"https:\/\/www.aerostrutture.it\/it\/wp-json\/wp\/v2\/media?parent=5375"}],"wp:term":[{"taxonomy":"category","embeddable":true,"href":"https:\/\/www.aerostrutture.it\/it\/wp-json\/wp\/v2\/categories?post=5375"},{"taxonomy":"post_tag","embeddable":true,"href":"https:\/\/www.aerostrutture.it\/it\/wp-json\/wp\/v2\/tags?post=5375"}],"curies":[{"name":"wp","href":"https:\/\/api.w.org\/{rel}","templated":true}]}}