{"id":4299,"date":"2024-11-22T18:28:34","date_gmt":"2024-11-22T16:28:34","guid":{"rendered":"https:\/\/www.aerostrutture.it\/?p=4299"},"modified":"2025-05-26T10:21:15","modified_gmt":"2025-05-26T08:21:15","slug":"contro-la-violenza-di-genere-e-sulle-donne-2","status":"publish","type":"post","link":"https:\/\/www.aerostrutture.it\/it\/contro-la-violenza-di-genere-e-sulle-donne-2\/","title":{"rendered":"Contro la violenza di genere e sulle donne."},"content":{"rendered":"\n<p>Ripudiamo ogni forma di violenza e sopruso fisico o psicologico nei confronti delle donne rispettandole in ogni luogo o situazione, in famiglia, nei rapporti di coppia e nel lavoro.<br><br>Per contrastare un fenomeno cos\u00ec radicato, \u00e8 necessario un impegno collettivo sul piano sociale ed individuale partendo sin dai pi\u00f9 giovani, insegnando loro la corretta gestione delle dinamiche relazionali e i vissuti emotivi sottesi ai comportamenti violenti.<br><\/p>\n\n\n\n<p>La nostra azienda si impegna a combattere ogni tipo di violenza e persegue ogni iniziativa gestionale ed organizzativa per prevenire&nbsp; qualsivoglia discriminazione di genere promuovendo la cultura del rispetto reciproco&nbsp; tra lavoratori e lavoratrici alle quali porgiamo il nostro pi\u00f9 sentito ringraziamento per il loro quotidiano impegno e per la sensibilit\u00e0 che le contraddistingue.<\/p>\n\n\n\n<p>&#8220;<em>La violenza contro le donne<\/em> <em>\u00e9 una delle pi\u00f9 vergognose violazioni dei diritti umani &#8220;.<\/em> (Kofi Annan).<\/p>\n\n\n\n<div class=\"wp-block-cover aligncenter\" style=\"min-height:489px;aspect-ratio:unset;\"><span aria-hidden=\"true\" class=\"wp-block-cover__background has-background-dim\"><\/span><img fetchpriority=\"high\" decoding=\"async\" width=\"331\" height=\"264\" class=\"wp-block-cover__image-background wp-image-4300\" alt=\"\" src=\"https:\/\/aerostrutture.it\/wp-content\/uploads\/2024\/11\/89027408_3706704006067052_2712688076999622656_n.jpg\" data-object-fit=\"cover\" srcset=\"https:\/\/www.aerostrutture.it\/wp-content\/uploads\/2024\/11\/89027408_3706704006067052_2712688076999622656_n.jpg 331w, https:\/\/www.aerostrutture.it\/wp-content\/uploads\/2024\/11\/89027408_3706704006067052_2712688076999622656_n-300x239.jpg 300w\" sizes=\"(max-width: 600px) 100vw, 331px\" \/><div class=\"wp-block-cover__inner-container is-layout-flow wp-block-cover-is-layout-flow\">\n<p><\/p>\n\n\n\n<p><\/p>\n\n\n\n<p><\/p>\n\n\n\n<p><\/p>\n\n\n\n<p><\/p>\n\n\n\n<p class=\"has-text-align-center has-large-font-size\">Il ratto delle Sabine<\/p>\n\n\n\n<p class=\"has-text-align-center\"><\/p>\n\n\n\n<p><\/p>\n<\/div><\/div>\n\n\n\n<div class=\"wp-block-cover aligncenter\"><span aria-hidden=\"true\" class=\"wp-block-cover__background has-background-dim\"><\/span><img decoding=\"async\" width=\"609\" height=\"812\" class=\"wp-block-cover__image-background wp-image-4302\" alt=\"\" src=\"https:\/\/aerostrutture.it\/wp-content\/uploads\/2024\/11\/Giambologna-Ratto-della-Sabina-1583.-Particolare-arte-svelata.jpg\" data-object-fit=\"cover\" srcset=\"https:\/\/www.aerostrutture.it\/wp-content\/uploads\/2024\/11\/Giambologna-Ratto-della-Sabina-1583.-Particolare-arte-svelata.jpg 609w, https:\/\/www.aerostrutture.it\/wp-content\/uploads\/2024\/11\/Giambologna-Ratto-della-Sabina-1583.-Particolare-arte-svelata-225x300.jpg 225w, https:\/\/www.aerostrutture.it\/wp-content\/uploads\/2024\/11\/Giambologna-Ratto-della-Sabina-1583.-Particolare-arte-svelata-370x493.jpg 370w, https:\/\/www.aerostrutture.it\/wp-content\/uploads\/2024\/11\/Giambologna-Ratto-della-Sabina-1583.-Particolare-arte-svelata-410x547.jpg 410w\" sizes=\"(max-width: 609px) 100vw, 609px\" \/><div class=\"wp-block-cover__inner-container is-layout-flow wp-block-cover-is-layout-flow\">\n<p class=\"has-text-align-center has-large-font-size\"><\/p>\n<\/div><\/div>\n","protected":false},"excerpt":{"rendered":"<p>Ripudiamo ogni forma di violenza e sopruso fisico o psicologico nei confronti delle donne rispettandole&hellip;<\/p>\n","protected":false},"author":3,"featured_media":4302,"comment_status":"closed","ping_status":"closed","sticky":false,"template":"","format":"standard","meta":{"footnotes":""},"categories":[190],"tags":[],"class_list":["post-4299","post","type-post","status-publish","format-standard","has-post-thumbnail","hentry","category-news"],"yoast_head":"<!-- This site is optimized with the Yoast SEO plugin v27.5 - https:\/\/yoast.com\/product\/yoast-seo-wordpress\/ -->\n<title>Contro la violenza di genere e sulle donne. - Aerostrutture S.p.A.<\/title>\n<meta name=\"robots\" content=\"index, follow, max-snippet:-1, max-image-preview:large, max-video-preview:-1\" \/>\n<link rel=\"canonical\" href=\"https:\/\/www.aerostrutture.it\/it\/contro-la-violenza-di-genere-e-sulle-donne-2\/\" \/>\n<meta property=\"og:locale\" content=\"it_IT\" \/>\n<meta property=\"og:type\" content=\"article\" \/>\n<meta property=\"og:title\" content=\"Contro la violenza di genere e sulle donne. - Aerostrutture S.p.A.\" \/>\n<meta property=\"og:description\" content=\"Ripudiamo ogni forma di violenza e sopruso fisico o psicologico nei confronti delle donne rispettandole&hellip;\" \/>\n<meta property=\"og:url\" content=\"https:\/\/www.aerostrutture.it\/it\/contro-la-violenza-di-genere-e-sulle-donne-2\/\" \/>\n<meta property=\"og:site_name\" content=\"Aerostrutture S.p.A.\" \/>\n<meta property=\"article:published_time\" content=\"2024-11-22T16:28:34+00:00\" \/>\n<meta property=\"article:modified_time\" content=\"2025-05-26T08:21:15+00:00\" \/>\n<meta property=\"og:image\" content=\"https:\/\/www.aerostrutture.it\/wp-content\/uploads\/2024\/11\/Giambologna-Ratto-della-Sabina-1583.-Particolare-arte-svelata.jpg\" \/>\n\t<meta property=\"og:image:width\" content=\"609\" \/>\n\t<meta property=\"og:image:height\" content=\"812\" \/>\n\t<meta property=\"og:image:type\" content=\"image\/jpeg\" \/>\n<meta name=\"author\" content=\"aerostrutture\" \/>\n<meta name=\"twitter:card\" content=\"summary_large_image\" \/>\n<meta name=\"twitter:label1\" content=\"Scritto da\" \/>\n\t<meta name=\"twitter:data1\" content=\"aerostrutture\" \/>\n\t<meta name=\"twitter:label2\" content=\"Tempo di lettura stimato\" \/>\n\t<meta name=\"twitter:data2\" content=\"2 minuti\" \/>\n<script type=\"application\/ld+json\" class=\"yoast-schema-graph\">{\"@context\":\"https:\\\/\\\/schema.org\",\"@graph\":[{\"@type\":\"Article\",\"@id\":\"https:\\\/\\\/www.aerostrutture.it\\\/it\\\/contro-la-violenza-di-genere-e-sulle-donne-2\\\/#article\",\"isPartOf\":{\"@id\":\"https:\\\/\\\/www.aerostrutture.it\\\/it\\\/contro-la-violenza-di-genere-e-sulle-donne-2\\\/\"},\"author\":{\"name\":\"aerostrutture\",\"@id\":\"https:\\\/\\\/www.aerostrutture.it\\\/#\\\/schema\\\/person\\\/61f6877edb09429efac93c877a02efa4\"},\"headline\":\"Contro la violenza di genere e sulle donne.\",\"datePublished\":\"2024-11-22T16:28:34+00:00\",\"dateModified\":\"2025-05-26T08:21:15+00:00\",\"mainEntityOfPage\":{\"@id\":\"https:\\\/\\\/www.aerostrutture.it\\\/it\\\/contro-la-violenza-di-genere-e-sulle-donne-2\\\/\"},\"wordCount\":148,\"publisher\":{\"@id\":\"https:\\\/\\\/www.aerostrutture.it\\\/#organization\"},\"image\":{\"@id\":\"https:\\\/\\\/www.aerostrutture.it\\\/it\\\/contro-la-violenza-di-genere-e-sulle-donne-2\\\/#primaryimage\"},\"thumbnailUrl\":\"https:\\\/\\\/www.aerostrutture.it\\\/wp-content\\\/uploads\\\/2024\\\/11\\\/Giambologna-Ratto-della-Sabina-1583.-Particolare-arte-svelata.jpg\",\"articleSection\":[\"News\"],\"inLanguage\":\"it-IT\"},{\"@type\":\"WebPage\",\"@id\":\"https:\\\/\\\/www.aerostrutture.it\\\/it\\\/contro-la-violenza-di-genere-e-sulle-donne-2\\\/\",\"url\":\"https:\\\/\\\/www.aerostrutture.it\\\/it\\\/contro-la-violenza-di-genere-e-sulle-donne-2\\\/\",\"name\":\"Contro la violenza di genere e sulle donne. - Aerostrutture S.p.A.\",\"isPartOf\":{\"@id\":\"https:\\\/\\\/www.aerostrutture.it\\\/#website\"},\"primaryImageOfPage\":{\"@id\":\"https:\\\/\\\/www.aerostrutture.it\\\/it\\\/contro-la-violenza-di-genere-e-sulle-donne-2\\\/#primaryimage\"},\"image\":{\"@id\":\"https:\\\/\\\/www.aerostrutture.it\\\/it\\\/contro-la-violenza-di-genere-e-sulle-donne-2\\\/#primaryimage\"},\"thumbnailUrl\":\"https:\\\/\\\/www.aerostrutture.it\\\/wp-content\\\/uploads\\\/2024\\\/11\\\/Giambologna-Ratto-della-Sabina-1583.-Particolare-arte-svelata.jpg\",\"datePublished\":\"2024-11-22T16:28:34+00:00\",\"dateModified\":\"2025-05-26T08:21:15+00:00\",\"breadcrumb\":{\"@id\":\"https:\\\/\\\/www.aerostrutture.it\\\/it\\\/contro-la-violenza-di-genere-e-sulle-donne-2\\\/#breadcrumb\"},\"inLanguage\":\"it-IT\",\"potentialAction\":[{\"@type\":\"ReadAction\",\"target\":[\"https:\\\/\\\/www.aerostrutture.it\\\/it\\\/contro-la-violenza-di-genere-e-sulle-donne-2\\\/\"]}]},{\"@type\":\"ImageObject\",\"inLanguage\":\"it-IT\",\"@id\":\"https:\\\/\\\/www.aerostrutture.it\\\/it\\\/contro-la-violenza-di-genere-e-sulle-donne-2\\\/#primaryimage\",\"url\":\"https:\\\/\\\/www.aerostrutture.it\\\/wp-content\\\/uploads\\\/2024\\\/11\\\/Giambologna-Ratto-della-Sabina-1583.-Particolare-arte-svelata.jpg\",\"contentUrl\":\"https:\\\/\\\/www.aerostrutture.it\\\/wp-content\\\/uploads\\\/2024\\\/11\\\/Giambologna-Ratto-della-Sabina-1583.-Particolare-arte-svelata.jpg\",\"width\":609,\"height\":812},{\"@type\":\"BreadcrumbList\",\"@id\":\"https:\\\/\\\/www.aerostrutture.it\\\/it\\\/contro-la-violenza-di-genere-e-sulle-donne-2\\\/#breadcrumb\",\"itemListElement\":[{\"@type\":\"ListItem\",\"position\":1,\"name\":\"Home\",\"item\":\"https:\\\/\\\/www.aerostrutture.it\\\/it\\\/\"},{\"@type\":\"ListItem\",\"position\":2,\"name\":\"Contro la violenza di genere e sulle donne.\"}]},{\"@type\":\"WebSite\",\"@id\":\"https:\\\/\\\/www.aerostrutture.it\\\/#website\",\"url\":\"https:\\\/\\\/www.aerostrutture.it\\\/\",\"name\":\"Aerostrutture S.p.A.\",\"description\":\"\",\"publisher\":{\"@id\":\"https:\\\/\\\/www.aerostrutture.it\\\/#organization\"},\"potentialAction\":[{\"@type\":\"SearchAction\",\"target\":{\"@type\":\"EntryPoint\",\"urlTemplate\":\"https:\\\/\\\/www.aerostrutture.it\\\/?s={search_term_string}\"},\"query-input\":{\"@type\":\"PropertyValueSpecification\",\"valueRequired\":true,\"valueName\":\"search_term_string\"}}],\"inLanguage\":\"it-IT\"},{\"@type\":\"Organization\",\"@id\":\"https:\\\/\\\/www.aerostrutture.it\\\/#organization\",\"name\":\"Aerostruttura s.p.A.\",\"url\":\"https:\\\/\\\/www.aerostrutture.it\\\/\",\"logo\":{\"@type\":\"ImageObject\",\"inLanguage\":\"it-IT\",\"@id\":\"https:\\\/\\\/www.aerostrutture.it\\\/#\\\/schema\\\/logo\\\/image\\\/\",\"url\":\"https:\\\/\\\/www.aerostrutture.it\\\/wp-content\\\/uploads\\\/2020\\\/06\\\/aerostrutture_logo.png\",\"contentUrl\":\"https:\\\/\\\/www.aerostrutture.it\\\/wp-content\\\/uploads\\\/2020\\\/06\\\/aerostrutture_logo.png\",\"width\":213,\"height\":79,\"caption\":\"Aerostruttura s.p.A.\"},\"image\":{\"@id\":\"https:\\\/\\\/www.aerostrutture.it\\\/#\\\/schema\\\/logo\\\/image\\\/\"}},{\"@type\":\"Person\",\"@id\":\"https:\\\/\\\/www.aerostrutture.it\\\/#\\\/schema\\\/person\\\/61f6877edb09429efac93c877a02efa4\",\"name\":\"aerostrutture\",\"image\":{\"@type\":\"ImageObject\",\"inLanguage\":\"it-IT\",\"@id\":\"https:\\\/\\\/secure.gravatar.com\\\/avatar\\\/780aad60a92c256d06db83e72f305a1dcadff979409d47eb379dde8999afa204?s=96&d=mm&r=g\",\"url\":\"https:\\\/\\\/secure.gravatar.com\\\/avatar\\\/780aad60a92c256d06db83e72f305a1dcadff979409d47eb379dde8999afa204?s=96&d=mm&r=g\",\"contentUrl\":\"https:\\\/\\\/secure.gravatar.com\\\/avatar\\\/780aad60a92c256d06db83e72f305a1dcadff979409d47eb379dde8999afa204?s=96&d=mm&r=g\",\"caption\":\"aerostrutture\"}}]}<\/script>\n<!-- \/ Yoast SEO plugin. -->","yoast_head_json":{"title":"Contro la violenza di genere e sulle donne. - Aerostrutture S.p.A.","robots":{"index":"index","follow":"follow","max-snippet":"max-snippet:-1","max-image-preview":"max-image-preview:large","max-video-preview":"max-video-preview:-1"},"canonical":"https:\/\/www.aerostrutture.it\/it\/contro-la-violenza-di-genere-e-sulle-donne-2\/","og_locale":"it_IT","og_type":"article","og_title":"Contro la violenza di genere e sulle donne. - Aerostrutture S.p.A.","og_description":"Ripudiamo ogni forma di violenza e sopruso fisico o psicologico nei confronti delle donne rispettandole&hellip;","og_url":"https:\/\/www.aerostrutture.it\/it\/contro-la-violenza-di-genere-e-sulle-donne-2\/","og_site_name":"Aerostrutture S.p.A.","article_published_time":"2024-11-22T16:28:34+00:00","article_modified_time":"2025-05-26T08:21:15+00:00","og_image":[{"width":609,"height":812,"url":"https:\/\/www.aerostrutture.it\/wp-content\/uploads\/2024\/11\/Giambologna-Ratto-della-Sabina-1583.-Particolare-arte-svelata.jpg","type":"image\/jpeg"}],"author":"aerostrutture","twitter_card":"summary_large_image","twitter_misc":{"Scritto da":"aerostrutture","Tempo di lettura stimato":"2 minuti"},"schema":{"@context":"https:\/\/schema.org","@graph":[{"@type":"Article","@id":"https:\/\/www.aerostrutture.it\/it\/contro-la-violenza-di-genere-e-sulle-donne-2\/#article","isPartOf":{"@id":"https:\/\/www.aerostrutture.it\/it\/contro-la-violenza-di-genere-e-sulle-donne-2\/"},"author":{"name":"aerostrutture","@id":"https:\/\/www.aerostrutture.it\/#\/schema\/person\/61f6877edb09429efac93c877a02efa4"},"headline":"Contro la violenza di genere e sulle donne.","datePublished":"2024-11-22T16:28:34+00:00","dateModified":"2025-05-26T08:21:15+00:00","mainEntityOfPage":{"@id":"https:\/\/www.aerostrutture.it\/it\/contro-la-violenza-di-genere-e-sulle-donne-2\/"},"wordCount":148,"publisher":{"@id":"https:\/\/www.aerostrutture.it\/#organization"},"image":{"@id":"https:\/\/www.aerostrutture.it\/it\/contro-la-violenza-di-genere-e-sulle-donne-2\/#primaryimage"},"thumbnailUrl":"https:\/\/www.aerostrutture.it\/wp-content\/uploads\/2024\/11\/Giambologna-Ratto-della-Sabina-1583.-Particolare-arte-svelata.jpg","articleSection":["News"],"inLanguage":"it-IT"},{"@type":"WebPage","@id":"https:\/\/www.aerostrutture.it\/it\/contro-la-violenza-di-genere-e-sulle-donne-2\/","url":"https:\/\/www.aerostrutture.it\/it\/contro-la-violenza-di-genere-e-sulle-donne-2\/","name":"Contro la violenza di genere e sulle donne. - Aerostrutture S.p.A.","isPartOf":{"@id":"https:\/\/www.aerostrutture.it\/#website"},"primaryImageOfPage":{"@id":"https:\/\/www.aerostrutture.it\/it\/contro-la-violenza-di-genere-e-sulle-donne-2\/#primaryimage"},"image":{"@id":"https:\/\/www.aerostrutture.it\/it\/contro-la-violenza-di-genere-e-sulle-donne-2\/#primaryimage"},"thumbnailUrl":"https:\/\/www.aerostrutture.it\/wp-content\/uploads\/2024\/11\/Giambologna-Ratto-della-Sabina-1583.-Particolare-arte-svelata.jpg","datePublished":"2024-11-22T16:28:34+00:00","dateModified":"2025-05-26T08:21:15+00:00","breadcrumb":{"@id":"https:\/\/www.aerostrutture.it\/it\/contro-la-violenza-di-genere-e-sulle-donne-2\/#breadcrumb"},"inLanguage":"it-IT","potentialAction":[{"@type":"ReadAction","target":["https:\/\/www.aerostrutture.it\/it\/contro-la-violenza-di-genere-e-sulle-donne-2\/"]}]},{"@type":"ImageObject","inLanguage":"it-IT","@id":"https:\/\/www.aerostrutture.it\/it\/contro-la-violenza-di-genere-e-sulle-donne-2\/#primaryimage","url":"https:\/\/www.aerostrutture.it\/wp-content\/uploads\/2024\/11\/Giambologna-Ratto-della-Sabina-1583.-Particolare-arte-svelata.jpg","contentUrl":"https:\/\/www.aerostrutture.it\/wp-content\/uploads\/2024\/11\/Giambologna-Ratto-della-Sabina-1583.-Particolare-arte-svelata.jpg","width":609,"height":812},{"@type":"BreadcrumbList","@id":"https:\/\/www.aerostrutture.it\/it\/contro-la-violenza-di-genere-e-sulle-donne-2\/#breadcrumb","itemListElement":[{"@type":"ListItem","position":1,"name":"Home","item":"https:\/\/www.aerostrutture.it\/it\/"},{"@type":"ListItem","position":2,"name":"Contro la violenza di genere e sulle donne."}]},{"@type":"WebSite","@id":"https:\/\/www.aerostrutture.it\/#website","url":"https:\/\/www.aerostrutture.it\/","name":"Aerostrutture S.p.A.","description":"","publisher":{"@id":"https:\/\/www.aerostrutture.it\/#organization"},"potentialAction":[{"@type":"SearchAction","target":{"@type":"EntryPoint","urlTemplate":"https:\/\/www.aerostrutture.it\/?s={search_term_string}"},"query-input":{"@type":"PropertyValueSpecification","valueRequired":true,"valueName":"search_term_string"}}],"inLanguage":"it-IT"},{"@type":"Organization","@id":"https:\/\/www.aerostrutture.it\/#organization","name":"Aerostruttura s.p.A.","url":"https:\/\/www.aerostrutture.it\/","logo":{"@type":"ImageObject","inLanguage":"it-IT","@id":"https:\/\/www.aerostrutture.it\/#\/schema\/logo\/image\/","url":"https:\/\/www.aerostrutture.it\/wp-content\/uploads\/2020\/06\/aerostrutture_logo.png","contentUrl":"https:\/\/www.aerostrutture.it\/wp-content\/uploads\/2020\/06\/aerostrutture_logo.png","width":213,"height":79,"caption":"Aerostruttura s.p.A."},"image":{"@id":"https:\/\/www.aerostrutture.it\/#\/schema\/logo\/image\/"}},{"@type":"Person","@id":"https:\/\/www.aerostrutture.it\/#\/schema\/person\/61f6877edb09429efac93c877a02efa4","name":"aerostrutture","image":{"@type":"ImageObject","inLanguage":"it-IT","@id":"https:\/\/secure.gravatar.com\/avatar\/780aad60a92c256d06db83e72f305a1dcadff979409d47eb379dde8999afa204?s=96&d=mm&r=g","url":"https:\/\/secure.gravatar.com\/avatar\/780aad60a92c256d06db83e72f305a1dcadff979409d47eb379dde8999afa204?s=96&d=mm&r=g","contentUrl":"https:\/\/secure.gravatar.com\/avatar\/780aad60a92c256d06db83e72f305a1dcadff979409d47eb379dde8999afa204?s=96&d=mm&r=g","caption":"aerostrutture"}}]}},"_links":{"self":[{"href":"https:\/\/www.aerostrutture.it\/it\/wp-json\/wp\/v2\/posts\/4299","targetHints":{"allow":["GET"]}}],"collection":[{"href":"https:\/\/www.aerostrutture.it\/it\/wp-json\/wp\/v2\/posts"}],"about":[{"href":"https:\/\/www.aerostrutture.it\/it\/wp-json\/wp\/v2\/types\/post"}],"author":[{"embeddable":true,"href":"https:\/\/www.aerostrutture.it\/it\/wp-json\/wp\/v2\/users\/3"}],"replies":[{"embeddable":true,"href":"https:\/\/www.aerostrutture.it\/it\/wp-json\/wp\/v2\/comments?post=4299"}],"version-history":[{"count":1,"href":"https:\/\/www.aerostrutture.it\/it\/wp-json\/wp\/v2\/posts\/4299\/revisions"}],"predecessor-version":[{"id":19711,"href":"https:\/\/www.aerostrutture.it\/it\/wp-json\/wp\/v2\/posts\/4299\/revisions\/19711"}],"wp:featuredmedia":[{"embeddable":true,"href":"https:\/\/www.aerostrutture.it\/it\/wp-json\/wp\/v2\/media\/4302"}],"wp:attachment":[{"href":"https:\/\/www.aerostrutture.it\/it\/wp-json\/wp\/v2\/media?parent=4299"}],"wp:term":[{"taxonomy":"category","embeddable":true,"href":"https:\/\/www.aerostrutture.it\/it\/wp-json\/wp\/v2\/categories?post=4299"},{"taxonomy":"post_tag","embeddable":true,"href":"https:\/\/www.aerostrutture.it\/it\/wp-json\/wp\/v2\/tags?post=4299"}],"curies":[{"name":"wp","href":"https:\/\/api.w.org\/{rel}","templated":true}]}}