{"id":3468,"date":"2024-05-11T19:26:53","date_gmt":"2024-05-11T17:26:53","guid":{"rendered":"https:\/\/www.aerostrutture.it\/?p=3468"},"modified":"2025-05-26T10:21:15","modified_gmt":"2025-05-26T08:21:15","slug":"roma-9-maggio-2024-analisi-e-ricerca-sui-distretti-industriali-del-lazio","status":"publish","type":"post","link":"https:\/\/www.aerostrutture.it\/it\/roma-9-maggio-2024-analisi-e-ricerca-sui-distretti-industriali-del-lazio\/","title":{"rendered":"Roma, 9 maggio 2024. Analisi e ricerca sui Distretti industriali del Lazio."},"content":{"rendered":"\n<p>Si \u00e8 svolto il 9 maggio u.s. a Roma un Convegno, organizzato dal Dipartimento di Ricerca&nbsp; di Intesa San Paolo in cui sono stati analizzati ed approfonditi i dati sui distretti &nbsp;industriali laziali.<\/p>\n\n\n\n<p>Al Convegno, al quale era presente, tra gli altri, l\u2019Amministratore Delegato di Aerostrutture, Andrea del Brocco,  &#8220;panelist&#8221; dell&#8217;evento, sono state approfondite esperienze imprenditoriali e condivise strategie economiche e produttive delle realt\u00e0 industriali del distretto laziale, nonch\u00e9 raccolti utili spunti per nuove opportunit\u00e0.<\/p>\n\n\n\n<p>Dall\u2019analisi dei dati e della successiva tavola rotonda \u00e8 emerso che la regione Lazio ha un\u2019elevata specializzazione e competitivit\u00e0, con un incremento del numero degli addetti nei settori avanzati, tra i quali quelli dell\u2019Aerospazio ove Aerostrutture \u00e8 saldamente operante e fornisce un contributo importante per la crescita dell\u2019export laziale nei poli tecnologici, proiettata ad un futuro competitivo e ricco di nuove opportunit\u00e0 di sviluppo.<\/p>\n\n\n\n<figure class=\"wp-block-image size-full\"><img fetchpriority=\"high\" decoding=\"async\" width=\"650\" height=\"282\" src=\"https:\/\/aerostrutture.it\/wp-content\/uploads\/2024\/05\/dd.avif\" alt=\"\" class=\"wp-image-3469\" srcset=\"https:\/\/www.aerostrutture.it\/wp-content\/uploads\/2024\/05\/dd.avif 650w, https:\/\/www.aerostrutture.it\/wp-content\/uploads\/2024\/05\/dd-300x130.avif 300w, https:\/\/www.aerostrutture.it\/wp-content\/uploads\/2024\/05\/dd-370x161.avif 370w, https:\/\/www.aerostrutture.it\/wp-content\/uploads\/2024\/05\/dd-410x178.avif 410w\" sizes=\"(max-width: 650px) 100vw, 650px\" \/><\/figure>\n\n\n\n<figure class=\"wp-block-image size-large\"><img decoding=\"async\" width=\"1024\" height=\"768\" src=\"https:\/\/aerostrutture.it\/wp-content\/uploads\/2024\/05\/IMG-20240511-WA0001-1-1024x768.jpg\" alt=\"\" class=\"wp-image-3471\" srcset=\"https:\/\/www.aerostrutture.it\/wp-content\/uploads\/2024\/05\/IMG-20240511-WA0001-1-1024x768.jpg 1024w, https:\/\/www.aerostrutture.it\/wp-content\/uploads\/2024\/05\/IMG-20240511-WA0001-1-300x225.jpg 300w, https:\/\/www.aerostrutture.it\/wp-content\/uploads\/2024\/05\/IMG-20240511-WA0001-1-768x576.jpg 768w, https:\/\/www.aerostrutture.it\/wp-content\/uploads\/2024\/05\/IMG-20240511-WA0001-1-1536x1152.jpg 1536w, https:\/\/www.aerostrutture.it\/wp-content\/uploads\/2024\/05\/IMG-20240511-WA0001-1-370x278.jpg 370w, https:\/\/www.aerostrutture.it\/wp-content\/uploads\/2024\/05\/IMG-20240511-WA0001-1-840x630.jpg 840w, https:\/\/www.aerostrutture.it\/wp-content\/uploads\/2024\/05\/IMG-20240511-WA0001-1-410x308.jpg 410w, https:\/\/www.aerostrutture.it\/wp-content\/uploads\/2024\/05\/IMG-20240511-WA0001-1.jpg 1600w\" sizes=\"(max-width: 1024px) 100vw, 1024px\" \/><\/figure>\n","protected":false},"excerpt":{"rendered":"<p>Si \u00e8 svolto il 9 maggio u.s. a Roma un Convegno, organizzato dal Dipartimento di&hellip;<\/p>\n","protected":false},"author":3,"featured_media":3471,"comment_status":"closed","ping_status":"closed","sticky":false,"template":"","format":"standard","meta":{"footnotes":""},"categories":[190],"tags":[],"class_list":["post-3468","post","type-post","status-publish","format-standard","has-post-thumbnail","hentry","category-news"],"yoast_head":"<!-- This site is optimized with the Yoast SEO plugin v27.5 - https:\/\/yoast.com\/product\/yoast-seo-wordpress\/ -->\n<title>Roma, 9 maggio 2024. Analisi e ricerca sui Distretti industriali del Lazio. - Aerostrutture S.p.A.<\/title>\n<meta name=\"robots\" content=\"index, follow, max-snippet:-1, max-image-preview:large, max-video-preview:-1\" \/>\n<link rel=\"canonical\" href=\"https:\/\/www.aerostrutture.it\/it\/roma-9-maggio-2024-analisi-e-ricerca-sui-distretti-industriali-del-lazio\/\" \/>\n<meta property=\"og:locale\" content=\"it_IT\" \/>\n<meta property=\"og:type\" content=\"article\" \/>\n<meta property=\"og:title\" content=\"Roma, 9 maggio 2024. Analisi e ricerca sui Distretti industriali del Lazio. - Aerostrutture S.p.A.\" \/>\n<meta property=\"og:description\" content=\"Si \u00e8 svolto il 9 maggio u.s. a Roma un Convegno, organizzato dal Dipartimento di&hellip;\" \/>\n<meta property=\"og:url\" content=\"https:\/\/www.aerostrutture.it\/it\/roma-9-maggio-2024-analisi-e-ricerca-sui-distretti-industriali-del-lazio\/\" \/>\n<meta property=\"og:site_name\" content=\"Aerostrutture S.p.A.\" \/>\n<meta property=\"article:published_time\" content=\"2024-05-11T17:26:53+00:00\" \/>\n<meta property=\"article:modified_time\" content=\"2025-05-26T08:21:15+00:00\" \/>\n<meta property=\"og:image\" content=\"https:\/\/www.aerostrutture.it\/wp-content\/uploads\/2024\/05\/IMG-20240511-WA0001-1.jpg\" \/>\n\t<meta property=\"og:image:width\" content=\"1600\" \/>\n\t<meta property=\"og:image:height\" content=\"1200\" \/>\n\t<meta property=\"og:image:type\" content=\"image\/jpeg\" \/>\n<meta name=\"author\" content=\"aerostrutture\" \/>\n<meta name=\"twitter:card\" content=\"summary_large_image\" \/>\n<meta name=\"twitter:label1\" content=\"Scritto da\" \/>\n\t<meta name=\"twitter:data1\" content=\"aerostrutture\" \/>\n\t<meta name=\"twitter:label2\" content=\"Tempo di lettura stimato\" \/>\n\t<meta name=\"twitter:data2\" content=\"2 minuti\" \/>\n<script type=\"application\/ld+json\" class=\"yoast-schema-graph\">{\"@context\":\"https:\\\/\\\/schema.org\",\"@graph\":[{\"@type\":\"Article\",\"@id\":\"https:\\\/\\\/www.aerostrutture.it\\\/it\\\/roma-9-maggio-2024-analisi-e-ricerca-sui-distretti-industriali-del-lazio\\\/#article\",\"isPartOf\":{\"@id\":\"https:\\\/\\\/www.aerostrutture.it\\\/it\\\/roma-9-maggio-2024-analisi-e-ricerca-sui-distretti-industriali-del-lazio\\\/\"},\"author\":{\"name\":\"aerostrutture\",\"@id\":\"https:\\\/\\\/www.aerostrutture.it\\\/#\\\/schema\\\/person\\\/61f6877edb09429efac93c877a02efa4\"},\"headline\":\"Roma, 9 maggio 2024. Analisi e ricerca sui Distretti industriali del Lazio.\",\"datePublished\":\"2024-05-11T17:26:53+00:00\",\"dateModified\":\"2025-05-26T08:21:15+00:00\",\"mainEntityOfPage\":{\"@id\":\"https:\\\/\\\/www.aerostrutture.it\\\/it\\\/roma-9-maggio-2024-analisi-e-ricerca-sui-distretti-industriali-del-lazio\\\/\"},\"wordCount\":154,\"publisher\":{\"@id\":\"https:\\\/\\\/www.aerostrutture.it\\\/#organization\"},\"image\":{\"@id\":\"https:\\\/\\\/www.aerostrutture.it\\\/it\\\/roma-9-maggio-2024-analisi-e-ricerca-sui-distretti-industriali-del-lazio\\\/#primaryimage\"},\"thumbnailUrl\":\"https:\\\/\\\/www.aerostrutture.it\\\/wp-content\\\/uploads\\\/2024\\\/05\\\/IMG-20240511-WA0001-1.jpg\",\"articleSection\":[\"News\"],\"inLanguage\":\"it-IT\"},{\"@type\":\"WebPage\",\"@id\":\"https:\\\/\\\/www.aerostrutture.it\\\/it\\\/roma-9-maggio-2024-analisi-e-ricerca-sui-distretti-industriali-del-lazio\\\/\",\"url\":\"https:\\\/\\\/www.aerostrutture.it\\\/it\\\/roma-9-maggio-2024-analisi-e-ricerca-sui-distretti-industriali-del-lazio\\\/\",\"name\":\"Roma, 9 maggio 2024. Analisi e ricerca sui Distretti industriali del Lazio. - Aerostrutture S.p.A.\",\"isPartOf\":{\"@id\":\"https:\\\/\\\/www.aerostrutture.it\\\/#website\"},\"primaryImageOfPage\":{\"@id\":\"https:\\\/\\\/www.aerostrutture.it\\\/it\\\/roma-9-maggio-2024-analisi-e-ricerca-sui-distretti-industriali-del-lazio\\\/#primaryimage\"},\"image\":{\"@id\":\"https:\\\/\\\/www.aerostrutture.it\\\/it\\\/roma-9-maggio-2024-analisi-e-ricerca-sui-distretti-industriali-del-lazio\\\/#primaryimage\"},\"thumbnailUrl\":\"https:\\\/\\\/www.aerostrutture.it\\\/wp-content\\\/uploads\\\/2024\\\/05\\\/IMG-20240511-WA0001-1.jpg\",\"datePublished\":\"2024-05-11T17:26:53+00:00\",\"dateModified\":\"2025-05-26T08:21:15+00:00\",\"breadcrumb\":{\"@id\":\"https:\\\/\\\/www.aerostrutture.it\\\/it\\\/roma-9-maggio-2024-analisi-e-ricerca-sui-distretti-industriali-del-lazio\\\/#breadcrumb\"},\"inLanguage\":\"it-IT\",\"potentialAction\":[{\"@type\":\"ReadAction\",\"target\":[\"https:\\\/\\\/www.aerostrutture.it\\\/it\\\/roma-9-maggio-2024-analisi-e-ricerca-sui-distretti-industriali-del-lazio\\\/\"]}]},{\"@type\":\"ImageObject\",\"inLanguage\":\"it-IT\",\"@id\":\"https:\\\/\\\/www.aerostrutture.it\\\/it\\\/roma-9-maggio-2024-analisi-e-ricerca-sui-distretti-industriali-del-lazio\\\/#primaryimage\",\"url\":\"https:\\\/\\\/www.aerostrutture.it\\\/wp-content\\\/uploads\\\/2024\\\/05\\\/IMG-20240511-WA0001-1.jpg\",\"contentUrl\":\"https:\\\/\\\/www.aerostrutture.it\\\/wp-content\\\/uploads\\\/2024\\\/05\\\/IMG-20240511-WA0001-1.jpg\",\"width\":1600,\"height\":1200},{\"@type\":\"BreadcrumbList\",\"@id\":\"https:\\\/\\\/www.aerostrutture.it\\\/it\\\/roma-9-maggio-2024-analisi-e-ricerca-sui-distretti-industriali-del-lazio\\\/#breadcrumb\",\"itemListElement\":[{\"@type\":\"ListItem\",\"position\":1,\"name\":\"Home\",\"item\":\"https:\\\/\\\/www.aerostrutture.it\\\/it\\\/\"},{\"@type\":\"ListItem\",\"position\":2,\"name\":\"Roma, 9 maggio 2024. Analisi e ricerca sui Distretti industriali del Lazio.\"}]},{\"@type\":\"WebSite\",\"@id\":\"https:\\\/\\\/www.aerostrutture.it\\\/#website\",\"url\":\"https:\\\/\\\/www.aerostrutture.it\\\/\",\"name\":\"Aerostrutture S.p.A.\",\"description\":\"\",\"publisher\":{\"@id\":\"https:\\\/\\\/www.aerostrutture.it\\\/#organization\"},\"potentialAction\":[{\"@type\":\"SearchAction\",\"target\":{\"@type\":\"EntryPoint\",\"urlTemplate\":\"https:\\\/\\\/www.aerostrutture.it\\\/?s={search_term_string}\"},\"query-input\":{\"@type\":\"PropertyValueSpecification\",\"valueRequired\":true,\"valueName\":\"search_term_string\"}}],\"inLanguage\":\"it-IT\"},{\"@type\":\"Organization\",\"@id\":\"https:\\\/\\\/www.aerostrutture.it\\\/#organization\",\"name\":\"Aerostruttura s.p.A.\",\"url\":\"https:\\\/\\\/www.aerostrutture.it\\\/\",\"logo\":{\"@type\":\"ImageObject\",\"inLanguage\":\"it-IT\",\"@id\":\"https:\\\/\\\/www.aerostrutture.it\\\/#\\\/schema\\\/logo\\\/image\\\/\",\"url\":\"https:\\\/\\\/www.aerostrutture.it\\\/wp-content\\\/uploads\\\/2020\\\/06\\\/aerostrutture_logo.png\",\"contentUrl\":\"https:\\\/\\\/www.aerostrutture.it\\\/wp-content\\\/uploads\\\/2020\\\/06\\\/aerostrutture_logo.png\",\"width\":213,\"height\":79,\"caption\":\"Aerostruttura s.p.A.\"},\"image\":{\"@id\":\"https:\\\/\\\/www.aerostrutture.it\\\/#\\\/schema\\\/logo\\\/image\\\/\"}},{\"@type\":\"Person\",\"@id\":\"https:\\\/\\\/www.aerostrutture.it\\\/#\\\/schema\\\/person\\\/61f6877edb09429efac93c877a02efa4\",\"name\":\"aerostrutture\",\"image\":{\"@type\":\"ImageObject\",\"inLanguage\":\"it-IT\",\"@id\":\"https:\\\/\\\/secure.gravatar.com\\\/avatar\\\/780aad60a92c256d06db83e72f305a1dcadff979409d47eb379dde8999afa204?s=96&d=mm&r=g\",\"url\":\"https:\\\/\\\/secure.gravatar.com\\\/avatar\\\/780aad60a92c256d06db83e72f305a1dcadff979409d47eb379dde8999afa204?s=96&d=mm&r=g\",\"contentUrl\":\"https:\\\/\\\/secure.gravatar.com\\\/avatar\\\/780aad60a92c256d06db83e72f305a1dcadff979409d47eb379dde8999afa204?s=96&d=mm&r=g\",\"caption\":\"aerostrutture\"}}]}<\/script>\n<!-- \/ Yoast SEO plugin. -->","yoast_head_json":{"title":"Roma, 9 maggio 2024. Analisi e ricerca sui Distretti industriali del Lazio. - Aerostrutture S.p.A.","robots":{"index":"index","follow":"follow","max-snippet":"max-snippet:-1","max-image-preview":"max-image-preview:large","max-video-preview":"max-video-preview:-1"},"canonical":"https:\/\/www.aerostrutture.it\/it\/roma-9-maggio-2024-analisi-e-ricerca-sui-distretti-industriali-del-lazio\/","og_locale":"it_IT","og_type":"article","og_title":"Roma, 9 maggio 2024. Analisi e ricerca sui Distretti industriali del Lazio. - Aerostrutture S.p.A.","og_description":"Si \u00e8 svolto il 9 maggio u.s. a Roma un Convegno, organizzato dal Dipartimento di&hellip;","og_url":"https:\/\/www.aerostrutture.it\/it\/roma-9-maggio-2024-analisi-e-ricerca-sui-distretti-industriali-del-lazio\/","og_site_name":"Aerostrutture S.p.A.","article_published_time":"2024-05-11T17:26:53+00:00","article_modified_time":"2025-05-26T08:21:15+00:00","og_image":[{"width":1600,"height":1200,"url":"https:\/\/www.aerostrutture.it\/wp-content\/uploads\/2024\/05\/IMG-20240511-WA0001-1.jpg","type":"image\/jpeg"}],"author":"aerostrutture","twitter_card":"summary_large_image","twitter_misc":{"Scritto da":"aerostrutture","Tempo di lettura stimato":"2 minuti"},"schema":{"@context":"https:\/\/schema.org","@graph":[{"@type":"Article","@id":"https:\/\/www.aerostrutture.it\/it\/roma-9-maggio-2024-analisi-e-ricerca-sui-distretti-industriali-del-lazio\/#article","isPartOf":{"@id":"https:\/\/www.aerostrutture.it\/it\/roma-9-maggio-2024-analisi-e-ricerca-sui-distretti-industriali-del-lazio\/"},"author":{"name":"aerostrutture","@id":"https:\/\/www.aerostrutture.it\/#\/schema\/person\/61f6877edb09429efac93c877a02efa4"},"headline":"Roma, 9 maggio 2024. Analisi e ricerca sui Distretti industriali del Lazio.","datePublished":"2024-05-11T17:26:53+00:00","dateModified":"2025-05-26T08:21:15+00:00","mainEntityOfPage":{"@id":"https:\/\/www.aerostrutture.it\/it\/roma-9-maggio-2024-analisi-e-ricerca-sui-distretti-industriali-del-lazio\/"},"wordCount":154,"publisher":{"@id":"https:\/\/www.aerostrutture.it\/#organization"},"image":{"@id":"https:\/\/www.aerostrutture.it\/it\/roma-9-maggio-2024-analisi-e-ricerca-sui-distretti-industriali-del-lazio\/#primaryimage"},"thumbnailUrl":"https:\/\/www.aerostrutture.it\/wp-content\/uploads\/2024\/05\/IMG-20240511-WA0001-1.jpg","articleSection":["News"],"inLanguage":"it-IT"},{"@type":"WebPage","@id":"https:\/\/www.aerostrutture.it\/it\/roma-9-maggio-2024-analisi-e-ricerca-sui-distretti-industriali-del-lazio\/","url":"https:\/\/www.aerostrutture.it\/it\/roma-9-maggio-2024-analisi-e-ricerca-sui-distretti-industriali-del-lazio\/","name":"Roma, 9 maggio 2024. Analisi e ricerca sui Distretti industriali del Lazio. - Aerostrutture S.p.A.","isPartOf":{"@id":"https:\/\/www.aerostrutture.it\/#website"},"primaryImageOfPage":{"@id":"https:\/\/www.aerostrutture.it\/it\/roma-9-maggio-2024-analisi-e-ricerca-sui-distretti-industriali-del-lazio\/#primaryimage"},"image":{"@id":"https:\/\/www.aerostrutture.it\/it\/roma-9-maggio-2024-analisi-e-ricerca-sui-distretti-industriali-del-lazio\/#primaryimage"},"thumbnailUrl":"https:\/\/www.aerostrutture.it\/wp-content\/uploads\/2024\/05\/IMG-20240511-WA0001-1.jpg","datePublished":"2024-05-11T17:26:53+00:00","dateModified":"2025-05-26T08:21:15+00:00","breadcrumb":{"@id":"https:\/\/www.aerostrutture.it\/it\/roma-9-maggio-2024-analisi-e-ricerca-sui-distretti-industriali-del-lazio\/#breadcrumb"},"inLanguage":"it-IT","potentialAction":[{"@type":"ReadAction","target":["https:\/\/www.aerostrutture.it\/it\/roma-9-maggio-2024-analisi-e-ricerca-sui-distretti-industriali-del-lazio\/"]}]},{"@type":"ImageObject","inLanguage":"it-IT","@id":"https:\/\/www.aerostrutture.it\/it\/roma-9-maggio-2024-analisi-e-ricerca-sui-distretti-industriali-del-lazio\/#primaryimage","url":"https:\/\/www.aerostrutture.it\/wp-content\/uploads\/2024\/05\/IMG-20240511-WA0001-1.jpg","contentUrl":"https:\/\/www.aerostrutture.it\/wp-content\/uploads\/2024\/05\/IMG-20240511-WA0001-1.jpg","width":1600,"height":1200},{"@type":"BreadcrumbList","@id":"https:\/\/www.aerostrutture.it\/it\/roma-9-maggio-2024-analisi-e-ricerca-sui-distretti-industriali-del-lazio\/#breadcrumb","itemListElement":[{"@type":"ListItem","position":1,"name":"Home","item":"https:\/\/www.aerostrutture.it\/it\/"},{"@type":"ListItem","position":2,"name":"Roma, 9 maggio 2024. Analisi e ricerca sui Distretti industriali del Lazio."}]},{"@type":"WebSite","@id":"https:\/\/www.aerostrutture.it\/#website","url":"https:\/\/www.aerostrutture.it\/","name":"Aerostrutture S.p.A.","description":"","publisher":{"@id":"https:\/\/www.aerostrutture.it\/#organization"},"potentialAction":[{"@type":"SearchAction","target":{"@type":"EntryPoint","urlTemplate":"https:\/\/www.aerostrutture.it\/?s={search_term_string}"},"query-input":{"@type":"PropertyValueSpecification","valueRequired":true,"valueName":"search_term_string"}}],"inLanguage":"it-IT"},{"@type":"Organization","@id":"https:\/\/www.aerostrutture.it\/#organization","name":"Aerostruttura s.p.A.","url":"https:\/\/www.aerostrutture.it\/","logo":{"@type":"ImageObject","inLanguage":"it-IT","@id":"https:\/\/www.aerostrutture.it\/#\/schema\/logo\/image\/","url":"https:\/\/www.aerostrutture.it\/wp-content\/uploads\/2020\/06\/aerostrutture_logo.png","contentUrl":"https:\/\/www.aerostrutture.it\/wp-content\/uploads\/2020\/06\/aerostrutture_logo.png","width":213,"height":79,"caption":"Aerostruttura s.p.A."},"image":{"@id":"https:\/\/www.aerostrutture.it\/#\/schema\/logo\/image\/"}},{"@type":"Person","@id":"https:\/\/www.aerostrutture.it\/#\/schema\/person\/61f6877edb09429efac93c877a02efa4","name":"aerostrutture","image":{"@type":"ImageObject","inLanguage":"it-IT","@id":"https:\/\/secure.gravatar.com\/avatar\/780aad60a92c256d06db83e72f305a1dcadff979409d47eb379dde8999afa204?s=96&d=mm&r=g","url":"https:\/\/secure.gravatar.com\/avatar\/780aad60a92c256d06db83e72f305a1dcadff979409d47eb379dde8999afa204?s=96&d=mm&r=g","contentUrl":"https:\/\/secure.gravatar.com\/avatar\/780aad60a92c256d06db83e72f305a1dcadff979409d47eb379dde8999afa204?s=96&d=mm&r=g","caption":"aerostrutture"}}]}},"_links":{"self":[{"href":"https:\/\/www.aerostrutture.it\/it\/wp-json\/wp\/v2\/posts\/3468","targetHints":{"allow":["GET"]}}],"collection":[{"href":"https:\/\/www.aerostrutture.it\/it\/wp-json\/wp\/v2\/posts"}],"about":[{"href":"https:\/\/www.aerostrutture.it\/it\/wp-json\/wp\/v2\/types\/post"}],"author":[{"embeddable":true,"href":"https:\/\/www.aerostrutture.it\/it\/wp-json\/wp\/v2\/users\/3"}],"replies":[{"embeddable":true,"href":"https:\/\/www.aerostrutture.it\/it\/wp-json\/wp\/v2\/comments?post=3468"}],"version-history":[{"count":1,"href":"https:\/\/www.aerostrutture.it\/it\/wp-json\/wp\/v2\/posts\/3468\/revisions"}],"predecessor-version":[{"id":18543,"href":"https:\/\/www.aerostrutture.it\/it\/wp-json\/wp\/v2\/posts\/3468\/revisions\/18543"}],"wp:featuredmedia":[{"embeddable":true,"href":"https:\/\/www.aerostrutture.it\/it\/wp-json\/wp\/v2\/media\/3471"}],"wp:attachment":[{"href":"https:\/\/www.aerostrutture.it\/it\/wp-json\/wp\/v2\/media?parent=3468"}],"wp:term":[{"taxonomy":"category","embeddable":true,"href":"https:\/\/www.aerostrutture.it\/it\/wp-json\/wp\/v2\/categories?post=3468"},{"taxonomy":"post_tag","embeddable":true,"href":"https:\/\/www.aerostrutture.it\/it\/wp-json\/wp\/v2\/tags?post=3468"}],"curies":[{"name":"wp","href":"https:\/\/api.w.org\/{rel}","templated":true}]}}