{"id":3367,"date":"2024-04-25T00:01:09","date_gmt":"2024-04-24T22:01:09","guid":{"rendered":"https:\/\/www.aerostrutture.it\/?p=3367"},"modified":"2025-05-26T10:21:15","modified_gmt":"2025-05-26T08:21:15","slug":"25-aprile-2024-festa-della-liberazione","status":"publish","type":"post","link":"https:\/\/www.aerostrutture.it\/it\/25-aprile-2024-festa-della-liberazione\/","title":{"rendered":"25 aprile 2024\u00a0\u2013 Festa della Liberazione."},"content":{"rendered":"\n<p>Una importante ricorrenza per tutti gli italiani come presa di coscienza e di distanza dall&#8217;autoritarismo e di&nbsp;rinascita nel pluralismo e nella democrazia.<br><br>Una data che orgogliosamente ci ricorda l&#8217;affermazione&nbsp; della democrazia e della libert\u00e0 riconquistata dopo il temine del conflitto in cui tanti persero la vita per un ideale di libert\u00e0 giustizia e indipendenza sotto un&#8217;unica bandiera, il tricolore,&nbsp; con la volont\u00e0 di rinascere e ricostruire.<br><br>Oggi ricordiamo il sacrificio dei nostri avi di cui anche questo territorio, con i nostri collaboratori come posteri, ne custodisce il compianto ricordo, affinch\u00e9 il loro sacrificio sia per tutti, guida del nostro quotidiano agire e motivo di gratitudine&nbsp; per quello che oggi abbiamo in termini di diritti e tutele democratiche, non dimenticando che i valori per cui i nostri eroi hanno combattuto, vanno riconosciuti e difesi.<br><br>Apprezziamo&nbsp; il concetto di libert\u00e0 nella semplicit\u00e0 del nostro vivere, rifuggendo&nbsp; dai comportamenti di&nbsp; egoismo ed individualismo soprattutto in questo periodo cos\u00ec drammatico per la nostra societ\u00e0.<br><br>Coesione, solidariet\u00e0 e cooperazione nel lavoro e in ogni aggregazione, perch\u00e9 un popolo, fiero del suo passato, affronta le sfide del presente per lasciare, alle nuove generazioni, un futuro migliore.<br><br><\/p>\n\n\n\n<figure class=\"wp-block-image size-full is-resized\"><img fetchpriority=\"high\" decoding=\"async\" width=\"902\" height=\"564\" src=\"https:\/\/aerostrutture.it\/wp-content\/uploads\/2024\/04\/25-aprile-gif-4-edited-1.gif\" alt=\"\" class=\"wp-image-3382\" style=\"aspect-ratio:0.84;width:843px;height:auto\"\/><\/figure>\n","protected":false},"excerpt":{"rendered":"<p>Una importante ricorrenza per tutti gli italiani come presa di coscienza e di distanza dall&#8217;autoritarismo&hellip;<\/p>\n","protected":false},"author":3,"featured_media":3376,"comment_status":"closed","ping_status":"closed","sticky":false,"template":"","format":"standard","meta":{"footnotes":""},"categories":[190],"tags":[],"class_list":["post-3367","post","type-post","status-publish","format-standard","has-post-thumbnail","hentry","category-news"],"yoast_head":"<!-- This site is optimized with the Yoast SEO plugin v27.5 - https:\/\/yoast.com\/product\/yoast-seo-wordpress\/ -->\n<title>25 aprile 2024\u00a0\u2013 Festa della Liberazione. - Aerostrutture S.p.A.<\/title>\n<meta name=\"robots\" content=\"index, follow, max-snippet:-1, max-image-preview:large, max-video-preview:-1\" \/>\n<link rel=\"canonical\" href=\"https:\/\/www.aerostrutture.it\/it\/25-aprile-2024-festa-della-liberazione\/\" \/>\n<meta property=\"og:locale\" content=\"it_IT\" \/>\n<meta property=\"og:type\" content=\"article\" \/>\n<meta property=\"og:title\" content=\"25 aprile 2024\u00a0\u2013 Festa della Liberazione. - Aerostrutture S.p.A.\" \/>\n<meta property=\"og:description\" content=\"Una importante ricorrenza per tutti gli italiani come presa di coscienza e di distanza dall&#8217;autoritarismo&hellip;\" \/>\n<meta property=\"og:url\" content=\"https:\/\/www.aerostrutture.it\/it\/25-aprile-2024-festa-della-liberazione\/\" \/>\n<meta property=\"og:site_name\" content=\"Aerostrutture S.p.A.\" \/>\n<meta property=\"article:published_time\" content=\"2024-04-24T22:01:09+00:00\" \/>\n<meta property=\"article:modified_time\" content=\"2025-05-26T08:21:15+00:00\" \/>\n<meta property=\"og:image\" content=\"https:\/\/www.aerostrutture.it\/wp-content\/uploads\/2024\/04\/25-aprile-gif-4.gif\" \/>\n\t<meta property=\"og:image:width\" content=\"1003\" \/>\n\t<meta property=\"og:image:height\" content=\"668\" \/>\n\t<meta property=\"og:image:type\" content=\"image\/gif\" \/>\n<meta name=\"author\" content=\"aerostrutture\" \/>\n<meta name=\"twitter:card\" content=\"summary_large_image\" \/>\n<meta name=\"twitter:label1\" content=\"Scritto da\" \/>\n\t<meta name=\"twitter:data1\" content=\"aerostrutture\" \/>\n\t<meta name=\"twitter:label2\" content=\"Tempo di lettura stimato\" \/>\n\t<meta name=\"twitter:data2\" content=\"2 minuti\" \/>\n<script type=\"application\/ld+json\" class=\"yoast-schema-graph\">{\"@context\":\"https:\\\/\\\/schema.org\",\"@graph\":[{\"@type\":\"Article\",\"@id\":\"https:\\\/\\\/www.aerostrutture.it\\\/it\\\/25-aprile-2024-festa-della-liberazione\\\/#article\",\"isPartOf\":{\"@id\":\"https:\\\/\\\/www.aerostrutture.it\\\/it\\\/25-aprile-2024-festa-della-liberazione\\\/\"},\"author\":{\"name\":\"aerostrutture\",\"@id\":\"https:\\\/\\\/www.aerostrutture.it\\\/#\\\/schema\\\/person\\\/61f6877edb09429efac93c877a02efa4\"},\"headline\":\"25 aprile 2024\u00a0\u2013 Festa della Liberazione.\",\"datePublished\":\"2024-04-24T22:01:09+00:00\",\"dateModified\":\"2025-05-26T08:21:15+00:00\",\"mainEntityOfPage\":{\"@id\":\"https:\\\/\\\/www.aerostrutture.it\\\/it\\\/25-aprile-2024-festa-della-liberazione\\\/\"},\"wordCount\":205,\"publisher\":{\"@id\":\"https:\\\/\\\/www.aerostrutture.it\\\/#organization\"},\"image\":{\"@id\":\"https:\\\/\\\/www.aerostrutture.it\\\/it\\\/25-aprile-2024-festa-della-liberazione\\\/#primaryimage\"},\"thumbnailUrl\":\"https:\\\/\\\/www.aerostrutture.it\\\/wp-content\\\/uploads\\\/2024\\\/04\\\/25-aprile-gif-4.gif\",\"articleSection\":[\"News\"],\"inLanguage\":\"it-IT\"},{\"@type\":\"WebPage\",\"@id\":\"https:\\\/\\\/www.aerostrutture.it\\\/it\\\/25-aprile-2024-festa-della-liberazione\\\/\",\"url\":\"https:\\\/\\\/www.aerostrutture.it\\\/it\\\/25-aprile-2024-festa-della-liberazione\\\/\",\"name\":\"25 aprile 2024\u00a0\u2013 Festa della Liberazione. - Aerostrutture S.p.A.\",\"isPartOf\":{\"@id\":\"https:\\\/\\\/www.aerostrutture.it\\\/#website\"},\"primaryImageOfPage\":{\"@id\":\"https:\\\/\\\/www.aerostrutture.it\\\/it\\\/25-aprile-2024-festa-della-liberazione\\\/#primaryimage\"},\"image\":{\"@id\":\"https:\\\/\\\/www.aerostrutture.it\\\/it\\\/25-aprile-2024-festa-della-liberazione\\\/#primaryimage\"},\"thumbnailUrl\":\"https:\\\/\\\/www.aerostrutture.it\\\/wp-content\\\/uploads\\\/2024\\\/04\\\/25-aprile-gif-4.gif\",\"datePublished\":\"2024-04-24T22:01:09+00:00\",\"dateModified\":\"2025-05-26T08:21:15+00:00\",\"breadcrumb\":{\"@id\":\"https:\\\/\\\/www.aerostrutture.it\\\/it\\\/25-aprile-2024-festa-della-liberazione\\\/#breadcrumb\"},\"inLanguage\":\"it-IT\",\"potentialAction\":[{\"@type\":\"ReadAction\",\"target\":[\"https:\\\/\\\/www.aerostrutture.it\\\/it\\\/25-aprile-2024-festa-della-liberazione\\\/\"]}]},{\"@type\":\"ImageObject\",\"inLanguage\":\"it-IT\",\"@id\":\"https:\\\/\\\/www.aerostrutture.it\\\/it\\\/25-aprile-2024-festa-della-liberazione\\\/#primaryimage\",\"url\":\"https:\\\/\\\/www.aerostrutture.it\\\/wp-content\\\/uploads\\\/2024\\\/04\\\/25-aprile-gif-4.gif\",\"contentUrl\":\"https:\\\/\\\/www.aerostrutture.it\\\/wp-content\\\/uploads\\\/2024\\\/04\\\/25-aprile-gif-4.gif\",\"width\":1003,\"height\":668},{\"@type\":\"BreadcrumbList\",\"@id\":\"https:\\\/\\\/www.aerostrutture.it\\\/it\\\/25-aprile-2024-festa-della-liberazione\\\/#breadcrumb\",\"itemListElement\":[{\"@type\":\"ListItem\",\"position\":1,\"name\":\"Home\",\"item\":\"https:\\\/\\\/www.aerostrutture.it\\\/it\\\/\"},{\"@type\":\"ListItem\",\"position\":2,\"name\":\"25 aprile 2024\u00a0\u2013 Festa della Liberazione.\"}]},{\"@type\":\"WebSite\",\"@id\":\"https:\\\/\\\/www.aerostrutture.it\\\/#website\",\"url\":\"https:\\\/\\\/www.aerostrutture.it\\\/\",\"name\":\"Aerostrutture S.p.A.\",\"description\":\"\",\"publisher\":{\"@id\":\"https:\\\/\\\/www.aerostrutture.it\\\/#organization\"},\"potentialAction\":[{\"@type\":\"SearchAction\",\"target\":{\"@type\":\"EntryPoint\",\"urlTemplate\":\"https:\\\/\\\/www.aerostrutture.it\\\/?s={search_term_string}\"},\"query-input\":{\"@type\":\"PropertyValueSpecification\",\"valueRequired\":true,\"valueName\":\"search_term_string\"}}],\"inLanguage\":\"it-IT\"},{\"@type\":\"Organization\",\"@id\":\"https:\\\/\\\/www.aerostrutture.it\\\/#organization\",\"name\":\"Aerostruttura s.p.A.\",\"url\":\"https:\\\/\\\/www.aerostrutture.it\\\/\",\"logo\":{\"@type\":\"ImageObject\",\"inLanguage\":\"it-IT\",\"@id\":\"https:\\\/\\\/www.aerostrutture.it\\\/#\\\/schema\\\/logo\\\/image\\\/\",\"url\":\"https:\\\/\\\/www.aerostrutture.it\\\/wp-content\\\/uploads\\\/2020\\\/06\\\/aerostrutture_logo.png\",\"contentUrl\":\"https:\\\/\\\/www.aerostrutture.it\\\/wp-content\\\/uploads\\\/2020\\\/06\\\/aerostrutture_logo.png\",\"width\":213,\"height\":79,\"caption\":\"Aerostruttura s.p.A.\"},\"image\":{\"@id\":\"https:\\\/\\\/www.aerostrutture.it\\\/#\\\/schema\\\/logo\\\/image\\\/\"}},{\"@type\":\"Person\",\"@id\":\"https:\\\/\\\/www.aerostrutture.it\\\/#\\\/schema\\\/person\\\/61f6877edb09429efac93c877a02efa4\",\"name\":\"aerostrutture\",\"image\":{\"@type\":\"ImageObject\",\"inLanguage\":\"it-IT\",\"@id\":\"https:\\\/\\\/secure.gravatar.com\\\/avatar\\\/780aad60a92c256d06db83e72f305a1dcadff979409d47eb379dde8999afa204?s=96&d=mm&r=g\",\"url\":\"https:\\\/\\\/secure.gravatar.com\\\/avatar\\\/780aad60a92c256d06db83e72f305a1dcadff979409d47eb379dde8999afa204?s=96&d=mm&r=g\",\"contentUrl\":\"https:\\\/\\\/secure.gravatar.com\\\/avatar\\\/780aad60a92c256d06db83e72f305a1dcadff979409d47eb379dde8999afa204?s=96&d=mm&r=g\",\"caption\":\"aerostrutture\"}}]}<\/script>\n<!-- \/ Yoast SEO plugin. -->","yoast_head_json":{"title":"25 aprile 2024\u00a0\u2013 Festa della Liberazione. - Aerostrutture S.p.A.","robots":{"index":"index","follow":"follow","max-snippet":"max-snippet:-1","max-image-preview":"max-image-preview:large","max-video-preview":"max-video-preview:-1"},"canonical":"https:\/\/www.aerostrutture.it\/it\/25-aprile-2024-festa-della-liberazione\/","og_locale":"it_IT","og_type":"article","og_title":"25 aprile 2024\u00a0\u2013 Festa della Liberazione. - Aerostrutture S.p.A.","og_description":"Una importante ricorrenza per tutti gli italiani come presa di coscienza e di distanza dall&#8217;autoritarismo&hellip;","og_url":"https:\/\/www.aerostrutture.it\/it\/25-aprile-2024-festa-della-liberazione\/","og_site_name":"Aerostrutture S.p.A.","article_published_time":"2024-04-24T22:01:09+00:00","article_modified_time":"2025-05-26T08:21:15+00:00","og_image":[{"width":1003,"height":668,"url":"https:\/\/www.aerostrutture.it\/wp-content\/uploads\/2024\/04\/25-aprile-gif-4.gif","type":"image\/gif"}],"author":"aerostrutture","twitter_card":"summary_large_image","twitter_misc":{"Scritto da":"aerostrutture","Tempo di lettura stimato":"2 minuti"},"schema":{"@context":"https:\/\/schema.org","@graph":[{"@type":"Article","@id":"https:\/\/www.aerostrutture.it\/it\/25-aprile-2024-festa-della-liberazione\/#article","isPartOf":{"@id":"https:\/\/www.aerostrutture.it\/it\/25-aprile-2024-festa-della-liberazione\/"},"author":{"name":"aerostrutture","@id":"https:\/\/www.aerostrutture.it\/#\/schema\/person\/61f6877edb09429efac93c877a02efa4"},"headline":"25 aprile 2024\u00a0\u2013 Festa della Liberazione.","datePublished":"2024-04-24T22:01:09+00:00","dateModified":"2025-05-26T08:21:15+00:00","mainEntityOfPage":{"@id":"https:\/\/www.aerostrutture.it\/it\/25-aprile-2024-festa-della-liberazione\/"},"wordCount":205,"publisher":{"@id":"https:\/\/www.aerostrutture.it\/#organization"},"image":{"@id":"https:\/\/www.aerostrutture.it\/it\/25-aprile-2024-festa-della-liberazione\/#primaryimage"},"thumbnailUrl":"https:\/\/www.aerostrutture.it\/wp-content\/uploads\/2024\/04\/25-aprile-gif-4.gif","articleSection":["News"],"inLanguage":"it-IT"},{"@type":"WebPage","@id":"https:\/\/www.aerostrutture.it\/it\/25-aprile-2024-festa-della-liberazione\/","url":"https:\/\/www.aerostrutture.it\/it\/25-aprile-2024-festa-della-liberazione\/","name":"25 aprile 2024\u00a0\u2013 Festa della Liberazione. - Aerostrutture S.p.A.","isPartOf":{"@id":"https:\/\/www.aerostrutture.it\/#website"},"primaryImageOfPage":{"@id":"https:\/\/www.aerostrutture.it\/it\/25-aprile-2024-festa-della-liberazione\/#primaryimage"},"image":{"@id":"https:\/\/www.aerostrutture.it\/it\/25-aprile-2024-festa-della-liberazione\/#primaryimage"},"thumbnailUrl":"https:\/\/www.aerostrutture.it\/wp-content\/uploads\/2024\/04\/25-aprile-gif-4.gif","datePublished":"2024-04-24T22:01:09+00:00","dateModified":"2025-05-26T08:21:15+00:00","breadcrumb":{"@id":"https:\/\/www.aerostrutture.it\/it\/25-aprile-2024-festa-della-liberazione\/#breadcrumb"},"inLanguage":"it-IT","potentialAction":[{"@type":"ReadAction","target":["https:\/\/www.aerostrutture.it\/it\/25-aprile-2024-festa-della-liberazione\/"]}]},{"@type":"ImageObject","inLanguage":"it-IT","@id":"https:\/\/www.aerostrutture.it\/it\/25-aprile-2024-festa-della-liberazione\/#primaryimage","url":"https:\/\/www.aerostrutture.it\/wp-content\/uploads\/2024\/04\/25-aprile-gif-4.gif","contentUrl":"https:\/\/www.aerostrutture.it\/wp-content\/uploads\/2024\/04\/25-aprile-gif-4.gif","width":1003,"height":668},{"@type":"BreadcrumbList","@id":"https:\/\/www.aerostrutture.it\/it\/25-aprile-2024-festa-della-liberazione\/#breadcrumb","itemListElement":[{"@type":"ListItem","position":1,"name":"Home","item":"https:\/\/www.aerostrutture.it\/it\/"},{"@type":"ListItem","position":2,"name":"25 aprile 2024\u00a0\u2013 Festa della Liberazione."}]},{"@type":"WebSite","@id":"https:\/\/www.aerostrutture.it\/#website","url":"https:\/\/www.aerostrutture.it\/","name":"Aerostrutture S.p.A.","description":"","publisher":{"@id":"https:\/\/www.aerostrutture.it\/#organization"},"potentialAction":[{"@type":"SearchAction","target":{"@type":"EntryPoint","urlTemplate":"https:\/\/www.aerostrutture.it\/?s={search_term_string}"},"query-input":{"@type":"PropertyValueSpecification","valueRequired":true,"valueName":"search_term_string"}}],"inLanguage":"it-IT"},{"@type":"Organization","@id":"https:\/\/www.aerostrutture.it\/#organization","name":"Aerostruttura s.p.A.","url":"https:\/\/www.aerostrutture.it\/","logo":{"@type":"ImageObject","inLanguage":"it-IT","@id":"https:\/\/www.aerostrutture.it\/#\/schema\/logo\/image\/","url":"https:\/\/www.aerostrutture.it\/wp-content\/uploads\/2020\/06\/aerostrutture_logo.png","contentUrl":"https:\/\/www.aerostrutture.it\/wp-content\/uploads\/2020\/06\/aerostrutture_logo.png","width":213,"height":79,"caption":"Aerostruttura s.p.A."},"image":{"@id":"https:\/\/www.aerostrutture.it\/#\/schema\/logo\/image\/"}},{"@type":"Person","@id":"https:\/\/www.aerostrutture.it\/#\/schema\/person\/61f6877edb09429efac93c877a02efa4","name":"aerostrutture","image":{"@type":"ImageObject","inLanguage":"it-IT","@id":"https:\/\/secure.gravatar.com\/avatar\/780aad60a92c256d06db83e72f305a1dcadff979409d47eb379dde8999afa204?s=96&d=mm&r=g","url":"https:\/\/secure.gravatar.com\/avatar\/780aad60a92c256d06db83e72f305a1dcadff979409d47eb379dde8999afa204?s=96&d=mm&r=g","contentUrl":"https:\/\/secure.gravatar.com\/avatar\/780aad60a92c256d06db83e72f305a1dcadff979409d47eb379dde8999afa204?s=96&d=mm&r=g","caption":"aerostrutture"}}]}},"_links":{"self":[{"href":"https:\/\/www.aerostrutture.it\/it\/wp-json\/wp\/v2\/posts\/3367","targetHints":{"allow":["GET"]}}],"collection":[{"href":"https:\/\/www.aerostrutture.it\/it\/wp-json\/wp\/v2\/posts"}],"about":[{"href":"https:\/\/www.aerostrutture.it\/it\/wp-json\/wp\/v2\/types\/post"}],"author":[{"embeddable":true,"href":"https:\/\/www.aerostrutture.it\/it\/wp-json\/wp\/v2\/users\/3"}],"replies":[{"embeddable":true,"href":"https:\/\/www.aerostrutture.it\/it\/wp-json\/wp\/v2\/comments?post=3367"}],"version-history":[{"count":1,"href":"https:\/\/www.aerostrutture.it\/it\/wp-json\/wp\/v2\/posts\/3367\/revisions"}],"predecessor-version":[{"id":18545,"href":"https:\/\/www.aerostrutture.it\/it\/wp-json\/wp\/v2\/posts\/3367\/revisions\/18545"}],"wp:featuredmedia":[{"embeddable":true,"href":"https:\/\/www.aerostrutture.it\/it\/wp-json\/wp\/v2\/media\/3376"}],"wp:attachment":[{"href":"https:\/\/www.aerostrutture.it\/it\/wp-json\/wp\/v2\/media?parent=3367"}],"wp:term":[{"taxonomy":"category","embeddable":true,"href":"https:\/\/www.aerostrutture.it\/it\/wp-json\/wp\/v2\/categories?post=3367"},{"taxonomy":"post_tag","embeddable":true,"href":"https:\/\/www.aerostrutture.it\/it\/wp-json\/wp\/v2\/tags?post=3367"}],"curies":[{"name":"wp","href":"https:\/\/api.w.org\/{rel}","templated":true}]}}