{"id":2740,"date":"2023-12-21T17:37:44","date_gmt":"2023-12-21T15:37:44","guid":{"rendered":"https:\/\/www.aerostrutture.it\/?p=2740"},"modified":"2025-05-26T10:21:16","modified_gmt":"2025-05-26T08:21:16","slug":"gli-auguri-di-buone-feste-dalla-direzione-dellazienda-e-dal-presidente-di-aerostrutture","status":"publish","type":"post","link":"https:\/\/www.aerostrutture.it\/it\/gli-auguri-di-buone-feste-dalla-direzione-dellazienda-e-dal-presidente-di-aerostrutture\/","title":{"rendered":"Gli auguri del Presidente di Aerostrutture."},"content":{"rendered":"\n\n\n<figure class=\"wp-block-gallery has-nested-images columns-default is-cropped wp-block-gallery-1 is-layout-flex wp-block-gallery-is-layout-flex\"><\/figure>\n\n\n\n<p><strong>Gli auguri di buone feste dalla direzione dell\u2019azienda e dal Presidente di Aerostrutture.<\/strong><\/p>\n\n\n\n<p>In occasione dell\u2019approssimarsi di fine anno, \u00e8 opportuno tracciare un resoconto, un consuntivo\u00a0 sull\u2019attivit\u00e0 svolta e sui risultati conseguiti\u00a0 nell\u2019intero triennio che a partire\u00a0 dal 2021, ha visto questo organo amministrativo impegnarsi al massimo su varie direttrici, a partire dall\u2019innovazione, alla modernizzazione dell\u2019intero processo produttivo, dall\u2019impegno proiettato sulla ricerca e sviluppo di nuovi sistemi e processi industriali per concludere con il raggiungimento di obiettivi economici significativi in termini di ricavi, pi\u00f9 che raddoppiati.<\/p>\n\n\n\n<p>I traguardi raggiunti sono stati il frutto della coesione del management aziendale il quale, nell\u2019ottica del dialogo improntato tra i membri del consiglio di amministrazione, seppur a volte animato da accesi dibattiti, mai travalicanti il rispetto personale e delle relative posizioni, ha saputo confrontarsi sugli&nbsp; importanti temi afferenti le scelte aziendali, nella dovuta considerazione delle posizioni a volte contrapposte ma sempre nel pi\u00f9 corretto rispetto ed educazione dei singoli che hanno saputo confrontarsi anteponendo l\u2019interesse primario dell\u2019azienda a tutto il resto.<\/p>\n\n\n\n<p><strong>Lasciamo a chi seguir\u00e0, l\u2019onore e la responsabilit\u00e0 di rispettare questa azienda, il territorio sul quale insiste, ospitale e costituito da gente laboriosa ed intraprendente. &nbsp;<\/strong><\/p>\n\n\n\n<p>Un territorio dove la natura, l\u2019ambiente, l\u2019aria e l\u2019acqua sono state sempre rispettate e tutelate, adoperandosi per migliorare i processi produttivi e la transizione energetica ed ecologica.<\/p>\n\n\n\n<p>Filo conduttore di questo triennio \u00e8 stato anche il rispetto dei lavoratori, la nostra vera forza, il volano dell\u2019intero progresso aziendale impegnandoci a sviluppare politiche a favore del personale proiettate a nuove assunzioni, a processi di crescita di forza lavoro e non a ridimensionamenti.<\/p>\n\n\n\n<p>Le prospettive sono sicuramente improntate all\u2019ottimismo globale guardando con fiducia al futuro del nostro grande Paese, al futuro dei nostri figli, operando con onore, con disciplina e con la certezza di lasciare un\u2019azienda migliorata.<\/p>\n\n\n\n<p><strong>Il valore di questa azienda si misura dalla qualit\u00e0 dei nostri prodotti e dalla professionalit\u00e0 di ciascuno dei nostri lavoratori, ognuno dei quali \u00e8 protagonista ed artefice del percorso di crescita che insieme stiamo realizzando.<\/strong><\/p>\n\n\n\n<p>Un ringraziamento particolare infine al nostro Amministratore Delegato Dott. Andrea Del Brocco, che con passione e dedizione si \u00e8 speso per il raggiungimento di importanti risultati ed alle Istituzioni, tutt\u2019altro che enti astratti ma costituite da&nbsp; uomini e donne che da ogni parte del Paese ci sostengono ogni giorno.<\/p>\n\n\n\n<p>In occasione del Santo Natale e del Capodanno, &nbsp;la direzione di Aerostrutture porge ai suoi collaboratori e dipendenti i pi\u00f9 fervidi auguri con un sincero riconoscimento per la fedelt\u00e0 e la dedizione dimostrate per la crescita e la prosperit\u00e0 dell&#8217;azienda.<\/p>\n\n\n\n<p>A nome mio e di tutto il direttivo un grazie&nbsp;di cuore per quanto fatto durante questo triennio, con lo sguardo rivolto ad un futuro ricco di sfide, improntato allo sviluppo lavorativo, al consolidamento delle posizioni e al raggiungimento di nuovi e stimolanti traguardi professionali e di benessere personale.<\/p>\n\n\n\n<p>Il Presidente.<\/p>\n\n\n\n\n\n<figure class=\"wp-block-gallery has-nested-images columns-default is-cropped wp-block-gallery-2 is-layout-flex wp-block-gallery-is-layout-flex\">\n<figure class=\"wp-block-image size-large\"><img fetchpriority=\"high\" decoding=\"async\" width=\"288\" height=\"296\" data-id=\"2741\" src=\"https:\/\/aerostrutture.it\/wp-content\/uploads\/2023\/12\/Augusto-foto-profilo-2-.jpg\" alt=\"\" class=\"wp-image-2741\"\/><\/figure>\n<\/figure>\n\n\n\n<h2 class=\"wp-block-heading\"><\/h2>\n\n\n\n<h2 class=\"wp-block-heading\"><\/h2>\n","protected":false},"excerpt":{"rendered":"<p>Gli auguri di buone feste dalla direzione dell\u2019azienda e dal Presidente di Aerostrutture. In occasione&hellip;<\/p>\n","protected":false},"author":3,"featured_media":2741,"comment_status":"closed","ping_status":"closed","sticky":false,"template":"","format":"standard","meta":{"footnotes":""},"categories":[190],"tags":[181,183,184],"class_list":["post-2740","post","type-post","status-publish","format-standard","has-post-thumbnail","hentry","category-news","tag-aerostrutture","tag-auguri","tag-resoconto-fine-triennio"],"yoast_head":"<!-- This site is optimized with the Yoast SEO plugin v27.5 - https:\/\/yoast.com\/product\/yoast-seo-wordpress\/ -->\n<title>Gli auguri del Presidente di Aerostrutture. - Aerostrutture S.p.A.<\/title>\n<meta name=\"robots\" content=\"index, follow, max-snippet:-1, max-image-preview:large, max-video-preview:-1\" \/>\n<link rel=\"canonical\" href=\"https:\/\/www.aerostrutture.it\/it\/gli-auguri-di-buone-feste-dalla-direzione-dellazienda-e-dal-presidente-di-aerostrutture\/\" \/>\n<meta property=\"og:locale\" content=\"it_IT\" \/>\n<meta property=\"og:type\" content=\"article\" \/>\n<meta property=\"og:title\" content=\"Gli auguri del Presidente di Aerostrutture. - Aerostrutture S.p.A.\" \/>\n<meta property=\"og:description\" content=\"Gli auguri di buone feste dalla direzione dell\u2019azienda e dal Presidente di Aerostrutture. In occasione&hellip;\" \/>\n<meta property=\"og:url\" content=\"https:\/\/www.aerostrutture.it\/it\/gli-auguri-di-buone-feste-dalla-direzione-dellazienda-e-dal-presidente-di-aerostrutture\/\" \/>\n<meta property=\"og:site_name\" content=\"Aerostrutture S.p.A.\" \/>\n<meta property=\"article:published_time\" content=\"2023-12-21T15:37:44+00:00\" \/>\n<meta property=\"article:modified_time\" content=\"2025-05-26T08:21:16+00:00\" \/>\n<meta property=\"og:image\" content=\"https:\/\/www.aerostrutture.it\/wp-content\/uploads\/2023\/12\/Augusto-foto-profilo-2-.jpg\" \/>\n\t<meta property=\"og:image:width\" content=\"288\" \/>\n\t<meta property=\"og:image:height\" content=\"296\" \/>\n\t<meta property=\"og:image:type\" content=\"image\/jpeg\" \/>\n<meta name=\"author\" content=\"aerostrutture\" \/>\n<meta name=\"twitter:card\" content=\"summary_large_image\" \/>\n<meta name=\"twitter:label1\" content=\"Scritto da\" \/>\n\t<meta name=\"twitter:data1\" content=\"aerostrutture\" \/>\n\t<meta name=\"twitter:label2\" content=\"Tempo di lettura stimato\" \/>\n\t<meta name=\"twitter:data2\" content=\"4 minuti\" \/>\n<script type=\"application\/ld+json\" class=\"yoast-schema-graph\">{\"@context\":\"https:\\\/\\\/schema.org\",\"@graph\":[{\"@type\":\"Article\",\"@id\":\"https:\\\/\\\/www.aerostrutture.it\\\/it\\\/gli-auguri-di-buone-feste-dalla-direzione-dellazienda-e-dal-presidente-di-aerostrutture\\\/#article\",\"isPartOf\":{\"@id\":\"https:\\\/\\\/www.aerostrutture.it\\\/it\\\/gli-auguri-di-buone-feste-dalla-direzione-dellazienda-e-dal-presidente-di-aerostrutture\\\/\"},\"author\":{\"name\":\"aerostrutture\",\"@id\":\"https:\\\/\\\/www.aerostrutture.it\\\/#\\\/schema\\\/person\\\/61f6877edb09429efac93c877a02efa4\"},\"headline\":\"Gli auguri del Presidente di Aerostrutture.\",\"datePublished\":\"2023-12-21T15:37:44+00:00\",\"dateModified\":\"2025-05-26T08:21:16+00:00\",\"mainEntityOfPage\":{\"@id\":\"https:\\\/\\\/www.aerostrutture.it\\\/it\\\/gli-auguri-di-buone-feste-dalla-direzione-dellazienda-e-dal-presidente-di-aerostrutture\\\/\"},\"wordCount\":497,\"publisher\":{\"@id\":\"https:\\\/\\\/www.aerostrutture.it\\\/#organization\"},\"image\":{\"@id\":\"https:\\\/\\\/www.aerostrutture.it\\\/it\\\/gli-auguri-di-buone-feste-dalla-direzione-dellazienda-e-dal-presidente-di-aerostrutture\\\/#primaryimage\"},\"thumbnailUrl\":\"https:\\\/\\\/www.aerostrutture.it\\\/wp-content\\\/uploads\\\/2023\\\/12\\\/Augusto-foto-profilo-2-.jpg\",\"keywords\":[\"aerostrutture\",\"auguri\",\"resoconto fine triennio\"],\"articleSection\":[\"News\"],\"inLanguage\":\"it-IT\"},{\"@type\":\"WebPage\",\"@id\":\"https:\\\/\\\/www.aerostrutture.it\\\/it\\\/gli-auguri-di-buone-feste-dalla-direzione-dellazienda-e-dal-presidente-di-aerostrutture\\\/\",\"url\":\"https:\\\/\\\/www.aerostrutture.it\\\/it\\\/gli-auguri-di-buone-feste-dalla-direzione-dellazienda-e-dal-presidente-di-aerostrutture\\\/\",\"name\":\"Gli auguri del Presidente di Aerostrutture. - Aerostrutture S.p.A.\",\"isPartOf\":{\"@id\":\"https:\\\/\\\/www.aerostrutture.it\\\/#website\"},\"primaryImageOfPage\":{\"@id\":\"https:\\\/\\\/www.aerostrutture.it\\\/it\\\/gli-auguri-di-buone-feste-dalla-direzione-dellazienda-e-dal-presidente-di-aerostrutture\\\/#primaryimage\"},\"image\":{\"@id\":\"https:\\\/\\\/www.aerostrutture.it\\\/it\\\/gli-auguri-di-buone-feste-dalla-direzione-dellazienda-e-dal-presidente-di-aerostrutture\\\/#primaryimage\"},\"thumbnailUrl\":\"https:\\\/\\\/www.aerostrutture.it\\\/wp-content\\\/uploads\\\/2023\\\/12\\\/Augusto-foto-profilo-2-.jpg\",\"datePublished\":\"2023-12-21T15:37:44+00:00\",\"dateModified\":\"2025-05-26T08:21:16+00:00\",\"breadcrumb\":{\"@id\":\"https:\\\/\\\/www.aerostrutture.it\\\/it\\\/gli-auguri-di-buone-feste-dalla-direzione-dellazienda-e-dal-presidente-di-aerostrutture\\\/#breadcrumb\"},\"inLanguage\":\"it-IT\",\"potentialAction\":[{\"@type\":\"ReadAction\",\"target\":[\"https:\\\/\\\/www.aerostrutture.it\\\/it\\\/gli-auguri-di-buone-feste-dalla-direzione-dellazienda-e-dal-presidente-di-aerostrutture\\\/\"]}]},{\"@type\":\"ImageObject\",\"inLanguage\":\"it-IT\",\"@id\":\"https:\\\/\\\/www.aerostrutture.it\\\/it\\\/gli-auguri-di-buone-feste-dalla-direzione-dellazienda-e-dal-presidente-di-aerostrutture\\\/#primaryimage\",\"url\":\"https:\\\/\\\/www.aerostrutture.it\\\/wp-content\\\/uploads\\\/2023\\\/12\\\/Augusto-foto-profilo-2-.jpg\",\"contentUrl\":\"https:\\\/\\\/www.aerostrutture.it\\\/wp-content\\\/uploads\\\/2023\\\/12\\\/Augusto-foto-profilo-2-.jpg\",\"width\":288,\"height\":296},{\"@type\":\"BreadcrumbList\",\"@id\":\"https:\\\/\\\/www.aerostrutture.it\\\/it\\\/gli-auguri-di-buone-feste-dalla-direzione-dellazienda-e-dal-presidente-di-aerostrutture\\\/#breadcrumb\",\"itemListElement\":[{\"@type\":\"ListItem\",\"position\":1,\"name\":\"Home\",\"item\":\"https:\\\/\\\/www.aerostrutture.it\\\/it\\\/\"},{\"@type\":\"ListItem\",\"position\":2,\"name\":\"Gli auguri del Presidente di Aerostrutture.\"}]},{\"@type\":\"WebSite\",\"@id\":\"https:\\\/\\\/www.aerostrutture.it\\\/#website\",\"url\":\"https:\\\/\\\/www.aerostrutture.it\\\/\",\"name\":\"Aerostrutture S.p.A.\",\"description\":\"\",\"publisher\":{\"@id\":\"https:\\\/\\\/www.aerostrutture.it\\\/#organization\"},\"potentialAction\":[{\"@type\":\"SearchAction\",\"target\":{\"@type\":\"EntryPoint\",\"urlTemplate\":\"https:\\\/\\\/www.aerostrutture.it\\\/?s={search_term_string}\"},\"query-input\":{\"@type\":\"PropertyValueSpecification\",\"valueRequired\":true,\"valueName\":\"search_term_string\"}}],\"inLanguage\":\"it-IT\"},{\"@type\":\"Organization\",\"@id\":\"https:\\\/\\\/www.aerostrutture.it\\\/#organization\",\"name\":\"Aerostruttura s.p.A.\",\"url\":\"https:\\\/\\\/www.aerostrutture.it\\\/\",\"logo\":{\"@type\":\"ImageObject\",\"inLanguage\":\"it-IT\",\"@id\":\"https:\\\/\\\/www.aerostrutture.it\\\/#\\\/schema\\\/logo\\\/image\\\/\",\"url\":\"https:\\\/\\\/www.aerostrutture.it\\\/wp-content\\\/uploads\\\/2020\\\/06\\\/aerostrutture_logo.png\",\"contentUrl\":\"https:\\\/\\\/www.aerostrutture.it\\\/wp-content\\\/uploads\\\/2020\\\/06\\\/aerostrutture_logo.png\",\"width\":213,\"height\":79,\"caption\":\"Aerostruttura s.p.A.\"},\"image\":{\"@id\":\"https:\\\/\\\/www.aerostrutture.it\\\/#\\\/schema\\\/logo\\\/image\\\/\"}},{\"@type\":\"Person\",\"@id\":\"https:\\\/\\\/www.aerostrutture.it\\\/#\\\/schema\\\/person\\\/61f6877edb09429efac93c877a02efa4\",\"name\":\"aerostrutture\",\"image\":{\"@type\":\"ImageObject\",\"inLanguage\":\"it-IT\",\"@id\":\"https:\\\/\\\/secure.gravatar.com\\\/avatar\\\/780aad60a92c256d06db83e72f305a1dcadff979409d47eb379dde8999afa204?s=96&d=mm&r=g\",\"url\":\"https:\\\/\\\/secure.gravatar.com\\\/avatar\\\/780aad60a92c256d06db83e72f305a1dcadff979409d47eb379dde8999afa204?s=96&d=mm&r=g\",\"contentUrl\":\"https:\\\/\\\/secure.gravatar.com\\\/avatar\\\/780aad60a92c256d06db83e72f305a1dcadff979409d47eb379dde8999afa204?s=96&d=mm&r=g\",\"caption\":\"aerostrutture\"}}]}<\/script>\n<!-- \/ Yoast SEO plugin. -->","yoast_head_json":{"title":"Gli auguri del Presidente di Aerostrutture. - Aerostrutture S.p.A.","robots":{"index":"index","follow":"follow","max-snippet":"max-snippet:-1","max-image-preview":"max-image-preview:large","max-video-preview":"max-video-preview:-1"},"canonical":"https:\/\/www.aerostrutture.it\/it\/gli-auguri-di-buone-feste-dalla-direzione-dellazienda-e-dal-presidente-di-aerostrutture\/","og_locale":"it_IT","og_type":"article","og_title":"Gli auguri del Presidente di Aerostrutture. - Aerostrutture S.p.A.","og_description":"Gli auguri di buone feste dalla direzione dell\u2019azienda e dal Presidente di Aerostrutture. In occasione&hellip;","og_url":"https:\/\/www.aerostrutture.it\/it\/gli-auguri-di-buone-feste-dalla-direzione-dellazienda-e-dal-presidente-di-aerostrutture\/","og_site_name":"Aerostrutture S.p.A.","article_published_time":"2023-12-21T15:37:44+00:00","article_modified_time":"2025-05-26T08:21:16+00:00","og_image":[{"width":288,"height":296,"url":"https:\/\/www.aerostrutture.it\/wp-content\/uploads\/2023\/12\/Augusto-foto-profilo-2-.jpg","type":"image\/jpeg"}],"author":"aerostrutture","twitter_card":"summary_large_image","twitter_misc":{"Scritto da":"aerostrutture","Tempo di lettura stimato":"4 minuti"},"schema":{"@context":"https:\/\/schema.org","@graph":[{"@type":"Article","@id":"https:\/\/www.aerostrutture.it\/it\/gli-auguri-di-buone-feste-dalla-direzione-dellazienda-e-dal-presidente-di-aerostrutture\/#article","isPartOf":{"@id":"https:\/\/www.aerostrutture.it\/it\/gli-auguri-di-buone-feste-dalla-direzione-dellazienda-e-dal-presidente-di-aerostrutture\/"},"author":{"name":"aerostrutture","@id":"https:\/\/www.aerostrutture.it\/#\/schema\/person\/61f6877edb09429efac93c877a02efa4"},"headline":"Gli auguri del Presidente di Aerostrutture.","datePublished":"2023-12-21T15:37:44+00:00","dateModified":"2025-05-26T08:21:16+00:00","mainEntityOfPage":{"@id":"https:\/\/www.aerostrutture.it\/it\/gli-auguri-di-buone-feste-dalla-direzione-dellazienda-e-dal-presidente-di-aerostrutture\/"},"wordCount":497,"publisher":{"@id":"https:\/\/www.aerostrutture.it\/#organization"},"image":{"@id":"https:\/\/www.aerostrutture.it\/it\/gli-auguri-di-buone-feste-dalla-direzione-dellazienda-e-dal-presidente-di-aerostrutture\/#primaryimage"},"thumbnailUrl":"https:\/\/www.aerostrutture.it\/wp-content\/uploads\/2023\/12\/Augusto-foto-profilo-2-.jpg","keywords":["aerostrutture","auguri","resoconto fine triennio"],"articleSection":["News"],"inLanguage":"it-IT"},{"@type":"WebPage","@id":"https:\/\/www.aerostrutture.it\/it\/gli-auguri-di-buone-feste-dalla-direzione-dellazienda-e-dal-presidente-di-aerostrutture\/","url":"https:\/\/www.aerostrutture.it\/it\/gli-auguri-di-buone-feste-dalla-direzione-dellazienda-e-dal-presidente-di-aerostrutture\/","name":"Gli auguri del Presidente di Aerostrutture. - Aerostrutture S.p.A.","isPartOf":{"@id":"https:\/\/www.aerostrutture.it\/#website"},"primaryImageOfPage":{"@id":"https:\/\/www.aerostrutture.it\/it\/gli-auguri-di-buone-feste-dalla-direzione-dellazienda-e-dal-presidente-di-aerostrutture\/#primaryimage"},"image":{"@id":"https:\/\/www.aerostrutture.it\/it\/gli-auguri-di-buone-feste-dalla-direzione-dellazienda-e-dal-presidente-di-aerostrutture\/#primaryimage"},"thumbnailUrl":"https:\/\/www.aerostrutture.it\/wp-content\/uploads\/2023\/12\/Augusto-foto-profilo-2-.jpg","datePublished":"2023-12-21T15:37:44+00:00","dateModified":"2025-05-26T08:21:16+00:00","breadcrumb":{"@id":"https:\/\/www.aerostrutture.it\/it\/gli-auguri-di-buone-feste-dalla-direzione-dellazienda-e-dal-presidente-di-aerostrutture\/#breadcrumb"},"inLanguage":"it-IT","potentialAction":[{"@type":"ReadAction","target":["https:\/\/www.aerostrutture.it\/it\/gli-auguri-di-buone-feste-dalla-direzione-dellazienda-e-dal-presidente-di-aerostrutture\/"]}]},{"@type":"ImageObject","inLanguage":"it-IT","@id":"https:\/\/www.aerostrutture.it\/it\/gli-auguri-di-buone-feste-dalla-direzione-dellazienda-e-dal-presidente-di-aerostrutture\/#primaryimage","url":"https:\/\/www.aerostrutture.it\/wp-content\/uploads\/2023\/12\/Augusto-foto-profilo-2-.jpg","contentUrl":"https:\/\/www.aerostrutture.it\/wp-content\/uploads\/2023\/12\/Augusto-foto-profilo-2-.jpg","width":288,"height":296},{"@type":"BreadcrumbList","@id":"https:\/\/www.aerostrutture.it\/it\/gli-auguri-di-buone-feste-dalla-direzione-dellazienda-e-dal-presidente-di-aerostrutture\/#breadcrumb","itemListElement":[{"@type":"ListItem","position":1,"name":"Home","item":"https:\/\/www.aerostrutture.it\/it\/"},{"@type":"ListItem","position":2,"name":"Gli auguri del Presidente di Aerostrutture."}]},{"@type":"WebSite","@id":"https:\/\/www.aerostrutture.it\/#website","url":"https:\/\/www.aerostrutture.it\/","name":"Aerostrutture S.p.A.","description":"","publisher":{"@id":"https:\/\/www.aerostrutture.it\/#organization"},"potentialAction":[{"@type":"SearchAction","target":{"@type":"EntryPoint","urlTemplate":"https:\/\/www.aerostrutture.it\/?s={search_term_string}"},"query-input":{"@type":"PropertyValueSpecification","valueRequired":true,"valueName":"search_term_string"}}],"inLanguage":"it-IT"},{"@type":"Organization","@id":"https:\/\/www.aerostrutture.it\/#organization","name":"Aerostruttura s.p.A.","url":"https:\/\/www.aerostrutture.it\/","logo":{"@type":"ImageObject","inLanguage":"it-IT","@id":"https:\/\/www.aerostrutture.it\/#\/schema\/logo\/image\/","url":"https:\/\/www.aerostrutture.it\/wp-content\/uploads\/2020\/06\/aerostrutture_logo.png","contentUrl":"https:\/\/www.aerostrutture.it\/wp-content\/uploads\/2020\/06\/aerostrutture_logo.png","width":213,"height":79,"caption":"Aerostruttura s.p.A."},"image":{"@id":"https:\/\/www.aerostrutture.it\/#\/schema\/logo\/image\/"}},{"@type":"Person","@id":"https:\/\/www.aerostrutture.it\/#\/schema\/person\/61f6877edb09429efac93c877a02efa4","name":"aerostrutture","image":{"@type":"ImageObject","inLanguage":"it-IT","@id":"https:\/\/secure.gravatar.com\/avatar\/780aad60a92c256d06db83e72f305a1dcadff979409d47eb379dde8999afa204?s=96&d=mm&r=g","url":"https:\/\/secure.gravatar.com\/avatar\/780aad60a92c256d06db83e72f305a1dcadff979409d47eb379dde8999afa204?s=96&d=mm&r=g","contentUrl":"https:\/\/secure.gravatar.com\/avatar\/780aad60a92c256d06db83e72f305a1dcadff979409d47eb379dde8999afa204?s=96&d=mm&r=g","caption":"aerostrutture"}}]}},"_links":{"self":[{"href":"https:\/\/www.aerostrutture.it\/it\/wp-json\/wp\/v2\/posts\/2740","targetHints":{"allow":["GET"]}}],"collection":[{"href":"https:\/\/www.aerostrutture.it\/it\/wp-json\/wp\/v2\/posts"}],"about":[{"href":"https:\/\/www.aerostrutture.it\/it\/wp-json\/wp\/v2\/types\/post"}],"author":[{"embeddable":true,"href":"https:\/\/www.aerostrutture.it\/it\/wp-json\/wp\/v2\/users\/3"}],"replies":[{"embeddable":true,"href":"https:\/\/www.aerostrutture.it\/it\/wp-json\/wp\/v2\/comments?post=2740"}],"version-history":[{"count":1,"href":"https:\/\/www.aerostrutture.it\/it\/wp-json\/wp\/v2\/posts\/2740\/revisions"}],"predecessor-version":[{"id":18551,"href":"https:\/\/www.aerostrutture.it\/it\/wp-json\/wp\/v2\/posts\/2740\/revisions\/18551"}],"wp:featuredmedia":[{"embeddable":true,"href":"https:\/\/www.aerostrutture.it\/it\/wp-json\/wp\/v2\/media\/2741"}],"wp:attachment":[{"href":"https:\/\/www.aerostrutture.it\/it\/wp-json\/wp\/v2\/media?parent=2740"}],"wp:term":[{"taxonomy":"category","embeddable":true,"href":"https:\/\/www.aerostrutture.it\/it\/wp-json\/wp\/v2\/categories?post=2740"},{"taxonomy":"post_tag","embeddable":true,"href":"https:\/\/www.aerostrutture.it\/it\/wp-json\/wp\/v2\/tags?post=2740"}],"curies":[{"name":"wp","href":"https:\/\/api.w.org\/{rel}","templated":true}]}}