{"id":2566,"date":"2023-11-19T11:16:53","date_gmt":"2023-11-19T09:16:53","guid":{"rendered":"https:\/\/www.aerostrutture.it\/?p=2566"},"modified":"2025-05-26T10:21:16","modified_gmt":"2025-05-26T08:21:16","slug":"contro-la-violenza-di-genere-e-sulle-donne","status":"publish","type":"post","link":"https:\/\/www.aerostrutture.it\/it\/contro-la-violenza-di-genere-e-sulle-donne\/","title":{"rendered":"Contro la violenza di genere e sulle donne."},"content":{"rendered":"\n<p>Il 25 novembre si celebra la&nbsp;Giornata Mondiale contro la Violenza sulle Donne, una ricorrenza fondamentale per il progresso civile della nostra societ\u00e0.<\/p>\n\n\n\n<p>Tanti passi avanti&nbsp; sono stati fatti&nbsp; sul tema dell\u2019uguaglianza di genere, ma non abbastanza perch\u00e9&nbsp; continuano ad esistere&nbsp;&nbsp; situazioni&nbsp;inaccettabili&nbsp;e deplorevoli di violenza, sottomissione, disparit\u00e0 e discriminazione delle donne, anche nel mondo del lavoro che non possono essere accettate o sottaciute in una societ\u00e0 civile ed evoluta.<\/p>\n\n\n\n<p>La nostra azienda,&nbsp; nel ripudiare e contrastare ogni forma di violenza e disparit\u00e0 verso le donne, sempre pi\u00f9&nbsp; protagoniste dei migliori successi professionali,&nbsp; \u00e8&nbsp; sensibile alla tematica e adotta&nbsp; quotidianamente,&nbsp; ogni iniziativa gestionale ed organizzativa tesa a prevenire&nbsp; qualsivoglia discriminazione di genere promuovendo la cultura del rispetto reciproco&nbsp; tra i lavoratori e le lavoratrici e del rifiuto di ogni forma di sopraffazione.<\/p>\n\n\n\n<p>Il Presidente A\/S<\/p>\n\n\n\n<figure class=\"wp-block-gallery has-nested-images columns-default is-cropped wp-block-gallery-1 is-layout-flex wp-block-gallery-is-layout-flex\">\n<figure class=\"wp-block-image size-large\"><img fetchpriority=\"high\" decoding=\"async\" width=\"600\" height=\"400\" data-id=\"2567\" src=\"https:\/\/aerostrutture.it\/wp-content\/uploads\/2023\/11\/sorelle-mirabal_600x400.jpeg\" alt=\"\" class=\"wp-image-2567\" srcset=\"https:\/\/www.aerostrutture.it\/wp-content\/uploads\/2023\/11\/sorelle-mirabal_600x400.jpeg 600w, https:\/\/www.aerostrutture.it\/wp-content\/uploads\/2023\/11\/sorelle-mirabal_600x400-300x200.jpeg 300w, https:\/\/www.aerostrutture.it\/wp-content\/uploads\/2023\/11\/sorelle-mirabal_600x400-370x247.jpeg 370w, https:\/\/www.aerostrutture.it\/wp-content\/uploads\/2023\/11\/sorelle-mirabal_600x400-410x273.jpeg 410w\" sizes=\"(max-width: 600px) 100vw, 600px\" \/><figcaption class=\"wp-element-caption\">Sorelle Mirabal<\/figcaption><\/figure>\n<\/figure>\n\n\n\n<figure class=\"wp-block-gallery has-nested-images columns-default is-cropped wp-block-gallery-2 is-layout-flex wp-block-gallery-is-layout-flex\">\n<figure class=\"wp-block-image size-large\"><img decoding=\"async\" width=\"804\" height=\"445\" data-id=\"2573\" src=\"https:\/\/aerostrutture.it\/wp-content\/uploads\/2023\/11\/25-novembre-2023.jpg\" alt=\"\" class=\"wp-image-2573\" srcset=\"https:\/\/www.aerostrutture.it\/wp-content\/uploads\/2023\/11\/25-novembre-2023.jpg 804w, https:\/\/www.aerostrutture.it\/wp-content\/uploads\/2023\/11\/25-novembre-2023-300x166.jpg 300w, https:\/\/www.aerostrutture.it\/wp-content\/uploads\/2023\/11\/25-novembre-2023-768x425.jpg 768w, https:\/\/www.aerostrutture.it\/wp-content\/uploads\/2023\/11\/25-novembre-2023-370x205.jpg 370w, https:\/\/www.aerostrutture.it\/wp-content\/uploads\/2023\/11\/25-novembre-2023-410x227.jpg 410w\" sizes=\"(max-width: 804px) 100vw, 804px\" \/><\/figure>\n<\/figure>\n","protected":false},"excerpt":{"rendered":"<p>Il 25 novembre si celebra la&nbsp;Giornata Mondiale contro la Violenza sulle Donne, una ricorrenza fondamentale&hellip;<\/p>\n","protected":false},"author":3,"featured_media":2573,"comment_status":"closed","ping_status":"closed","sticky":false,"template":"","format":"standard","meta":{"footnotes":""},"categories":[190],"tags":[181,182],"class_list":["post-2566","post","type-post","status-publish","format-standard","has-post-thumbnail","hentry","category-news","tag-aerostrutture","tag-violenza-sulle-donne"],"yoast_head":"<!-- This site is optimized with the Yoast SEO plugin v27.5 - https:\/\/yoast.com\/product\/yoast-seo-wordpress\/ -->\n<title>Contro la violenza di genere e sulle donne. - Aerostrutture S.p.A.<\/title>\n<meta name=\"robots\" content=\"index, follow, max-snippet:-1, max-image-preview:large, max-video-preview:-1\" \/>\n<link rel=\"canonical\" href=\"https:\/\/www.aerostrutture.it\/it\/contro-la-violenza-di-genere-e-sulle-donne\/\" \/>\n<meta property=\"og:locale\" content=\"it_IT\" \/>\n<meta property=\"og:type\" content=\"article\" \/>\n<meta property=\"og:title\" content=\"Contro la violenza di genere e sulle donne. - Aerostrutture S.p.A.\" \/>\n<meta property=\"og:description\" content=\"Il 25 novembre si celebra la&nbsp;Giornata Mondiale contro la Violenza sulle Donne, una ricorrenza fondamentale&hellip;\" \/>\n<meta property=\"og:url\" content=\"https:\/\/www.aerostrutture.it\/it\/contro-la-violenza-di-genere-e-sulle-donne\/\" \/>\n<meta property=\"og:site_name\" content=\"Aerostrutture S.p.A.\" \/>\n<meta property=\"article:published_time\" content=\"2023-11-19T09:16:53+00:00\" \/>\n<meta property=\"article:modified_time\" content=\"2025-05-26T08:21:16+00:00\" \/>\n<meta property=\"og:image\" content=\"https:\/\/www.aerostrutture.it\/wp-content\/uploads\/2023\/11\/25-novembre-2023.jpg\" \/>\n\t<meta property=\"og:image:width\" content=\"804\" \/>\n\t<meta property=\"og:image:height\" content=\"445\" \/>\n\t<meta property=\"og:image:type\" content=\"image\/jpeg\" \/>\n<meta name=\"author\" content=\"aerostrutture\" \/>\n<meta name=\"twitter:card\" content=\"summary_large_image\" \/>\n<meta name=\"twitter:label1\" content=\"Scritto da\" \/>\n\t<meta name=\"twitter:data1\" content=\"aerostrutture\" \/>\n\t<meta name=\"twitter:label2\" content=\"Tempo di lettura stimato\" \/>\n\t<meta name=\"twitter:data2\" content=\"2 minuti\" \/>\n<script type=\"application\/ld+json\" class=\"yoast-schema-graph\">{\"@context\":\"https:\\\/\\\/schema.org\",\"@graph\":[{\"@type\":\"Article\",\"@id\":\"https:\\\/\\\/www.aerostrutture.it\\\/it\\\/contro-la-violenza-di-genere-e-sulle-donne\\\/#article\",\"isPartOf\":{\"@id\":\"https:\\\/\\\/www.aerostrutture.it\\\/it\\\/contro-la-violenza-di-genere-e-sulle-donne\\\/\"},\"author\":{\"name\":\"aerostrutture\",\"@id\":\"https:\\\/\\\/www.aerostrutture.it\\\/#\\\/schema\\\/person\\\/61f6877edb09429efac93c877a02efa4\"},\"headline\":\"Contro la violenza di genere e sulle donne.\",\"datePublished\":\"2023-11-19T09:16:53+00:00\",\"dateModified\":\"2025-05-26T08:21:16+00:00\",\"mainEntityOfPage\":{\"@id\":\"https:\\\/\\\/www.aerostrutture.it\\\/it\\\/contro-la-violenza-di-genere-e-sulle-donne\\\/\"},\"wordCount\":162,\"publisher\":{\"@id\":\"https:\\\/\\\/www.aerostrutture.it\\\/#organization\"},\"image\":{\"@id\":\"https:\\\/\\\/www.aerostrutture.it\\\/it\\\/contro-la-violenza-di-genere-e-sulle-donne\\\/#primaryimage\"},\"thumbnailUrl\":\"https:\\\/\\\/www.aerostrutture.it\\\/wp-content\\\/uploads\\\/2023\\\/11\\\/25-novembre-2023.jpg\",\"keywords\":[\"aerostrutture\",\"violenza sulle donne\"],\"articleSection\":[\"News\"],\"inLanguage\":\"it-IT\"},{\"@type\":\"WebPage\",\"@id\":\"https:\\\/\\\/www.aerostrutture.it\\\/it\\\/contro-la-violenza-di-genere-e-sulle-donne\\\/\",\"url\":\"https:\\\/\\\/www.aerostrutture.it\\\/it\\\/contro-la-violenza-di-genere-e-sulle-donne\\\/\",\"name\":\"Contro la violenza di genere e sulle donne. - Aerostrutture S.p.A.\",\"isPartOf\":{\"@id\":\"https:\\\/\\\/www.aerostrutture.it\\\/#website\"},\"primaryImageOfPage\":{\"@id\":\"https:\\\/\\\/www.aerostrutture.it\\\/it\\\/contro-la-violenza-di-genere-e-sulle-donne\\\/#primaryimage\"},\"image\":{\"@id\":\"https:\\\/\\\/www.aerostrutture.it\\\/it\\\/contro-la-violenza-di-genere-e-sulle-donne\\\/#primaryimage\"},\"thumbnailUrl\":\"https:\\\/\\\/www.aerostrutture.it\\\/wp-content\\\/uploads\\\/2023\\\/11\\\/25-novembre-2023.jpg\",\"datePublished\":\"2023-11-19T09:16:53+00:00\",\"dateModified\":\"2025-05-26T08:21:16+00:00\",\"breadcrumb\":{\"@id\":\"https:\\\/\\\/www.aerostrutture.it\\\/it\\\/contro-la-violenza-di-genere-e-sulle-donne\\\/#breadcrumb\"},\"inLanguage\":\"it-IT\",\"potentialAction\":[{\"@type\":\"ReadAction\",\"target\":[\"https:\\\/\\\/www.aerostrutture.it\\\/it\\\/contro-la-violenza-di-genere-e-sulle-donne\\\/\"]}]},{\"@type\":\"ImageObject\",\"inLanguage\":\"it-IT\",\"@id\":\"https:\\\/\\\/www.aerostrutture.it\\\/it\\\/contro-la-violenza-di-genere-e-sulle-donne\\\/#primaryimage\",\"url\":\"https:\\\/\\\/www.aerostrutture.it\\\/wp-content\\\/uploads\\\/2023\\\/11\\\/25-novembre-2023.jpg\",\"contentUrl\":\"https:\\\/\\\/www.aerostrutture.it\\\/wp-content\\\/uploads\\\/2023\\\/11\\\/25-novembre-2023.jpg\",\"width\":804,\"height\":445},{\"@type\":\"BreadcrumbList\",\"@id\":\"https:\\\/\\\/www.aerostrutture.it\\\/it\\\/contro-la-violenza-di-genere-e-sulle-donne\\\/#breadcrumb\",\"itemListElement\":[{\"@type\":\"ListItem\",\"position\":1,\"name\":\"Home\",\"item\":\"https:\\\/\\\/www.aerostrutture.it\\\/it\\\/\"},{\"@type\":\"ListItem\",\"position\":2,\"name\":\"Contro la violenza di genere e sulle donne.\"}]},{\"@type\":\"WebSite\",\"@id\":\"https:\\\/\\\/www.aerostrutture.it\\\/#website\",\"url\":\"https:\\\/\\\/www.aerostrutture.it\\\/\",\"name\":\"Aerostrutture S.p.A.\",\"description\":\"\",\"publisher\":{\"@id\":\"https:\\\/\\\/www.aerostrutture.it\\\/#organization\"},\"potentialAction\":[{\"@type\":\"SearchAction\",\"target\":{\"@type\":\"EntryPoint\",\"urlTemplate\":\"https:\\\/\\\/www.aerostrutture.it\\\/?s={search_term_string}\"},\"query-input\":{\"@type\":\"PropertyValueSpecification\",\"valueRequired\":true,\"valueName\":\"search_term_string\"}}],\"inLanguage\":\"it-IT\"},{\"@type\":\"Organization\",\"@id\":\"https:\\\/\\\/www.aerostrutture.it\\\/#organization\",\"name\":\"Aerostruttura s.p.A.\",\"url\":\"https:\\\/\\\/www.aerostrutture.it\\\/\",\"logo\":{\"@type\":\"ImageObject\",\"inLanguage\":\"it-IT\",\"@id\":\"https:\\\/\\\/www.aerostrutture.it\\\/#\\\/schema\\\/logo\\\/image\\\/\",\"url\":\"https:\\\/\\\/www.aerostrutture.it\\\/wp-content\\\/uploads\\\/2020\\\/06\\\/aerostrutture_logo.png\",\"contentUrl\":\"https:\\\/\\\/www.aerostrutture.it\\\/wp-content\\\/uploads\\\/2020\\\/06\\\/aerostrutture_logo.png\",\"width\":213,\"height\":79,\"caption\":\"Aerostruttura s.p.A.\"},\"image\":{\"@id\":\"https:\\\/\\\/www.aerostrutture.it\\\/#\\\/schema\\\/logo\\\/image\\\/\"}},{\"@type\":\"Person\",\"@id\":\"https:\\\/\\\/www.aerostrutture.it\\\/#\\\/schema\\\/person\\\/61f6877edb09429efac93c877a02efa4\",\"name\":\"aerostrutture\",\"image\":{\"@type\":\"ImageObject\",\"inLanguage\":\"it-IT\",\"@id\":\"https:\\\/\\\/secure.gravatar.com\\\/avatar\\\/780aad60a92c256d06db83e72f305a1dcadff979409d47eb379dde8999afa204?s=96&d=mm&r=g\",\"url\":\"https:\\\/\\\/secure.gravatar.com\\\/avatar\\\/780aad60a92c256d06db83e72f305a1dcadff979409d47eb379dde8999afa204?s=96&d=mm&r=g\",\"contentUrl\":\"https:\\\/\\\/secure.gravatar.com\\\/avatar\\\/780aad60a92c256d06db83e72f305a1dcadff979409d47eb379dde8999afa204?s=96&d=mm&r=g\",\"caption\":\"aerostrutture\"}}]}<\/script>\n<!-- \/ Yoast SEO plugin. -->","yoast_head_json":{"title":"Contro la violenza di genere e sulle donne. - Aerostrutture S.p.A.","robots":{"index":"index","follow":"follow","max-snippet":"max-snippet:-1","max-image-preview":"max-image-preview:large","max-video-preview":"max-video-preview:-1"},"canonical":"https:\/\/www.aerostrutture.it\/it\/contro-la-violenza-di-genere-e-sulle-donne\/","og_locale":"it_IT","og_type":"article","og_title":"Contro la violenza di genere e sulle donne. - Aerostrutture S.p.A.","og_description":"Il 25 novembre si celebra la&nbsp;Giornata Mondiale contro la Violenza sulle Donne, una ricorrenza fondamentale&hellip;","og_url":"https:\/\/www.aerostrutture.it\/it\/contro-la-violenza-di-genere-e-sulle-donne\/","og_site_name":"Aerostrutture S.p.A.","article_published_time":"2023-11-19T09:16:53+00:00","article_modified_time":"2025-05-26T08:21:16+00:00","og_image":[{"width":804,"height":445,"url":"https:\/\/www.aerostrutture.it\/wp-content\/uploads\/2023\/11\/25-novembre-2023.jpg","type":"image\/jpeg"}],"author":"aerostrutture","twitter_card":"summary_large_image","twitter_misc":{"Scritto da":"aerostrutture","Tempo di lettura stimato":"2 minuti"},"schema":{"@context":"https:\/\/schema.org","@graph":[{"@type":"Article","@id":"https:\/\/www.aerostrutture.it\/it\/contro-la-violenza-di-genere-e-sulle-donne\/#article","isPartOf":{"@id":"https:\/\/www.aerostrutture.it\/it\/contro-la-violenza-di-genere-e-sulle-donne\/"},"author":{"name":"aerostrutture","@id":"https:\/\/www.aerostrutture.it\/#\/schema\/person\/61f6877edb09429efac93c877a02efa4"},"headline":"Contro la violenza di genere e sulle donne.","datePublished":"2023-11-19T09:16:53+00:00","dateModified":"2025-05-26T08:21:16+00:00","mainEntityOfPage":{"@id":"https:\/\/www.aerostrutture.it\/it\/contro-la-violenza-di-genere-e-sulle-donne\/"},"wordCount":162,"publisher":{"@id":"https:\/\/www.aerostrutture.it\/#organization"},"image":{"@id":"https:\/\/www.aerostrutture.it\/it\/contro-la-violenza-di-genere-e-sulle-donne\/#primaryimage"},"thumbnailUrl":"https:\/\/www.aerostrutture.it\/wp-content\/uploads\/2023\/11\/25-novembre-2023.jpg","keywords":["aerostrutture","violenza sulle donne"],"articleSection":["News"],"inLanguage":"it-IT"},{"@type":"WebPage","@id":"https:\/\/www.aerostrutture.it\/it\/contro-la-violenza-di-genere-e-sulle-donne\/","url":"https:\/\/www.aerostrutture.it\/it\/contro-la-violenza-di-genere-e-sulle-donne\/","name":"Contro la violenza di genere e sulle donne. - Aerostrutture S.p.A.","isPartOf":{"@id":"https:\/\/www.aerostrutture.it\/#website"},"primaryImageOfPage":{"@id":"https:\/\/www.aerostrutture.it\/it\/contro-la-violenza-di-genere-e-sulle-donne\/#primaryimage"},"image":{"@id":"https:\/\/www.aerostrutture.it\/it\/contro-la-violenza-di-genere-e-sulle-donne\/#primaryimage"},"thumbnailUrl":"https:\/\/www.aerostrutture.it\/wp-content\/uploads\/2023\/11\/25-novembre-2023.jpg","datePublished":"2023-11-19T09:16:53+00:00","dateModified":"2025-05-26T08:21:16+00:00","breadcrumb":{"@id":"https:\/\/www.aerostrutture.it\/it\/contro-la-violenza-di-genere-e-sulle-donne\/#breadcrumb"},"inLanguage":"it-IT","potentialAction":[{"@type":"ReadAction","target":["https:\/\/www.aerostrutture.it\/it\/contro-la-violenza-di-genere-e-sulle-donne\/"]}]},{"@type":"ImageObject","inLanguage":"it-IT","@id":"https:\/\/www.aerostrutture.it\/it\/contro-la-violenza-di-genere-e-sulle-donne\/#primaryimage","url":"https:\/\/www.aerostrutture.it\/wp-content\/uploads\/2023\/11\/25-novembre-2023.jpg","contentUrl":"https:\/\/www.aerostrutture.it\/wp-content\/uploads\/2023\/11\/25-novembre-2023.jpg","width":804,"height":445},{"@type":"BreadcrumbList","@id":"https:\/\/www.aerostrutture.it\/it\/contro-la-violenza-di-genere-e-sulle-donne\/#breadcrumb","itemListElement":[{"@type":"ListItem","position":1,"name":"Home","item":"https:\/\/www.aerostrutture.it\/it\/"},{"@type":"ListItem","position":2,"name":"Contro la violenza di genere e sulle donne."}]},{"@type":"WebSite","@id":"https:\/\/www.aerostrutture.it\/#website","url":"https:\/\/www.aerostrutture.it\/","name":"Aerostrutture S.p.A.","description":"","publisher":{"@id":"https:\/\/www.aerostrutture.it\/#organization"},"potentialAction":[{"@type":"SearchAction","target":{"@type":"EntryPoint","urlTemplate":"https:\/\/www.aerostrutture.it\/?s={search_term_string}"},"query-input":{"@type":"PropertyValueSpecification","valueRequired":true,"valueName":"search_term_string"}}],"inLanguage":"it-IT"},{"@type":"Organization","@id":"https:\/\/www.aerostrutture.it\/#organization","name":"Aerostruttura s.p.A.","url":"https:\/\/www.aerostrutture.it\/","logo":{"@type":"ImageObject","inLanguage":"it-IT","@id":"https:\/\/www.aerostrutture.it\/#\/schema\/logo\/image\/","url":"https:\/\/www.aerostrutture.it\/wp-content\/uploads\/2020\/06\/aerostrutture_logo.png","contentUrl":"https:\/\/www.aerostrutture.it\/wp-content\/uploads\/2020\/06\/aerostrutture_logo.png","width":213,"height":79,"caption":"Aerostruttura s.p.A."},"image":{"@id":"https:\/\/www.aerostrutture.it\/#\/schema\/logo\/image\/"}},{"@type":"Person","@id":"https:\/\/www.aerostrutture.it\/#\/schema\/person\/61f6877edb09429efac93c877a02efa4","name":"aerostrutture","image":{"@type":"ImageObject","inLanguage":"it-IT","@id":"https:\/\/secure.gravatar.com\/avatar\/780aad60a92c256d06db83e72f305a1dcadff979409d47eb379dde8999afa204?s=96&d=mm&r=g","url":"https:\/\/secure.gravatar.com\/avatar\/780aad60a92c256d06db83e72f305a1dcadff979409d47eb379dde8999afa204?s=96&d=mm&r=g","contentUrl":"https:\/\/secure.gravatar.com\/avatar\/780aad60a92c256d06db83e72f305a1dcadff979409d47eb379dde8999afa204?s=96&d=mm&r=g","caption":"aerostrutture"}}]}},"_links":{"self":[{"href":"https:\/\/www.aerostrutture.it\/it\/wp-json\/wp\/v2\/posts\/2566","targetHints":{"allow":["GET"]}}],"collection":[{"href":"https:\/\/www.aerostrutture.it\/it\/wp-json\/wp\/v2\/posts"}],"about":[{"href":"https:\/\/www.aerostrutture.it\/it\/wp-json\/wp\/v2\/types\/post"}],"author":[{"embeddable":true,"href":"https:\/\/www.aerostrutture.it\/it\/wp-json\/wp\/v2\/users\/3"}],"replies":[{"embeddable":true,"href":"https:\/\/www.aerostrutture.it\/it\/wp-json\/wp\/v2\/comments?post=2566"}],"version-history":[{"count":1,"href":"https:\/\/www.aerostrutture.it\/it\/wp-json\/wp\/v2\/posts\/2566\/revisions"}],"predecessor-version":[{"id":18552,"href":"https:\/\/www.aerostrutture.it\/it\/wp-json\/wp\/v2\/posts\/2566\/revisions\/18552"}],"wp:featuredmedia":[{"embeddable":true,"href":"https:\/\/www.aerostrutture.it\/it\/wp-json\/wp\/v2\/media\/2573"}],"wp:attachment":[{"href":"https:\/\/www.aerostrutture.it\/it\/wp-json\/wp\/v2\/media?parent=2566"}],"wp:term":[{"taxonomy":"category","embeddable":true,"href":"https:\/\/www.aerostrutture.it\/it\/wp-json\/wp\/v2\/categories?post=2566"},{"taxonomy":"post_tag","embeddable":true,"href":"https:\/\/www.aerostrutture.it\/it\/wp-json\/wp\/v2\/tags?post=2566"}],"curies":[{"name":"wp","href":"https:\/\/api.w.org\/{rel}","templated":true}]}}