{"id":24,"date":"2021-12-20T12:08:47","date_gmt":"2021-12-20T10:08:47","guid":{"rendered":"https:\/\/www.aerostrutture.it\/?p=24"},"modified":"2025-05-26T10:21:17","modified_gmt":"2025-05-26T08:21:17","slug":"siglato-a-belgrado-laccordo-con-panizzo-consulting","status":"publish","type":"post","link":"https:\/\/www.aerostrutture.it\/it\/siglato-a-belgrado-laccordo-con-panizzo-consulting\/","title":{"rendered":"Siglato a Belgrado l&#8217;accordo con PANIZZO CONSULTING"},"content":{"rendered":"\n<p>Siglato a Belgrado tra AEROSTRUTTURE SPA e la societ\u00e0 d\u2019ingegneria PANIZZO CONSULTING, un accordo per il potenziamento dell\u2019infrastruttura industriale dello stabilimento aeronautico di Frosinone, attraverso la progettazione di sistemi meccatronici per l\u2019interconnessione dei macchinari e delle fasi produttive. <\/p>\n\n\n\n<p>Il responsabile ricerca e sviluppo di Aerostrutture S.p.a Dott. Augusto Michelagnoli dichiara che si tratta di un primo passo di grande importanza strategica che mette a sistema le reciproche competenze in un settore estremamente peculiare. <\/p>\n\n\n\n<p>Il fondatore della Panizzo Consulting, Dott. Maurizio Panizzo esprime soddisfazione per questo primo accordo che spera sia foriero di sempre pi\u00f9 solidi partenariati a livello tecnologico tra Italia e Serbia. <br>Ricorda inoltre che la citt\u00e0 di Kragujevac non \u00e8 solo lo stabilimento Stellantis, ma rappresenta un bacino di risorse ingegneristiche di alto livello, sia nel pi\u00f9 classico settore automotive che in quello pi\u00f9 evoluto dell\u2019aeronautica e della meccatronica.<\/p>\n\n\n\n<p><\/p>\n\n\n\n<figure class=\"wp-block-gallery columns-3 is-cropped wp-block-gallery-1 is-layout-flex wp-block-gallery-is-layout-flex\"><ul class=\"blocks-gallery-grid\"><li class=\"blocks-gallery-item\"><figure><img fetchpriority=\"high\" decoding=\"async\" width=\"1024\" height=\"683\" src=\"https:\/\/aerostrutture.it\/wp-content\/uploads\/2016\/05\/christopher-burns-8KfCR12oeUM-unsplash-scaled-1-1024x683.jpg\" alt=\"\" data-id=\"21\" data-full-url=\"https:\/\/aerostrutture.it\/wp-content\/uploads\/2016\/05\/christopher-burns-8KfCR12oeUM-unsplash-scaled-1.jpg\" data-link=\"https:\/\/aerostrutture.it\/hello-world\/christopher-burns-8kfcr12oeum-unsplash\/\" class=\"wp-image-21\" srcset=\"https:\/\/www.aerostrutture.it\/wp-content\/uploads\/2016\/05\/christopher-burns-8KfCR12oeUM-unsplash-scaled-1-1024x683.jpg 1024w, https:\/\/www.aerostrutture.it\/wp-content\/uploads\/2016\/05\/christopher-burns-8KfCR12oeUM-unsplash-scaled-1-300x200.jpg 300w, https:\/\/www.aerostrutture.it\/wp-content\/uploads\/2016\/05\/christopher-burns-8KfCR12oeUM-unsplash-scaled-1-768x512.jpg 768w, https:\/\/www.aerostrutture.it\/wp-content\/uploads\/2016\/05\/christopher-burns-8KfCR12oeUM-unsplash-scaled-1-1536x1024.jpg 1536w, https:\/\/www.aerostrutture.it\/wp-content\/uploads\/2016\/05\/christopher-burns-8KfCR12oeUM-unsplash-scaled-1-2048x1366.jpg 2048w, https:\/\/www.aerostrutture.it\/wp-content\/uploads\/2016\/05\/christopher-burns-8KfCR12oeUM-unsplash-scaled-1-370x247.jpg 370w, https:\/\/www.aerostrutture.it\/wp-content\/uploads\/2016\/05\/christopher-burns-8KfCR12oeUM-unsplash-scaled-1-840x560.jpg 840w, https:\/\/www.aerostrutture.it\/wp-content\/uploads\/2016\/05\/christopher-burns-8KfCR12oeUM-unsplash-scaled-1-410x273.jpg 410w\" sizes=\"(max-width: 1024px) 100vw, 1024px\" \/><\/figure><\/li><li class=\"blocks-gallery-item\"><figure><img decoding=\"async\" width=\"1024\" height=\"683\" src=\"https:\/\/aerostrutture.it\/wp-content\/uploads\/2016\/05\/rob-lambert-9Q_pLLP_jmA-unsplash-scaled-1-1024x683.jpg\" alt=\"\" data-id=\"19\" data-full-url=\"https:\/\/aerostrutture.it\/wp-content\/uploads\/2016\/05\/rob-lambert-9Q_pLLP_jmA-unsplash-scaled-1.jpg\" data-link=\"https:\/\/aerostrutture.it\/hello-world\/rob-lambert-9q_pllp_jma-unsplash\/\" class=\"wp-image-19\" srcset=\"https:\/\/www.aerostrutture.it\/wp-content\/uploads\/2016\/05\/rob-lambert-9Q_pLLP_jmA-unsplash-scaled-1-1024x683.jpg 1024w, https:\/\/www.aerostrutture.it\/wp-content\/uploads\/2016\/05\/rob-lambert-9Q_pLLP_jmA-unsplash-scaled-1-300x200.jpg 300w, https:\/\/www.aerostrutture.it\/wp-content\/uploads\/2016\/05\/rob-lambert-9Q_pLLP_jmA-unsplash-scaled-1-768x512.jpg 768w, https:\/\/www.aerostrutture.it\/wp-content\/uploads\/2016\/05\/rob-lambert-9Q_pLLP_jmA-unsplash-scaled-1-1536x1024.jpg 1536w, https:\/\/www.aerostrutture.it\/wp-content\/uploads\/2016\/05\/rob-lambert-9Q_pLLP_jmA-unsplash-scaled-1-2048x1366.jpg 2048w, https:\/\/www.aerostrutture.it\/wp-content\/uploads\/2016\/05\/rob-lambert-9Q_pLLP_jmA-unsplash-scaled-1-370x247.jpg 370w, https:\/\/www.aerostrutture.it\/wp-content\/uploads\/2016\/05\/rob-lambert-9Q_pLLP_jmA-unsplash-scaled-1-840x560.jpg 840w, https:\/\/www.aerostrutture.it\/wp-content\/uploads\/2016\/05\/rob-lambert-9Q_pLLP_jmA-unsplash-scaled-1-410x273.jpg 410w\" sizes=\"(max-width: 1024px) 100vw, 1024px\" \/><\/figure><\/li><li class=\"blocks-gallery-item\"><figure><img decoding=\"async\" width=\"1024\" height=\"683\" src=\"https:\/\/aerostrutture.it\/wp-content\/uploads\/2016\/05\/c-d-x-8zKHg5JUp2U-unsplash-scaled-1-1024x683.jpg\" alt=\"\" data-id=\"18\" data-full-url=\"https:\/\/aerostrutture.it\/wp-content\/uploads\/2016\/05\/c-d-x-8zKHg5JUp2U-unsplash-scaled-1.jpg\" data-link=\"https:\/\/aerostrutture.it\/hello-world\/c-d-x-8zkhg5jup2u-unsplash\/\" class=\"wp-image-18\" srcset=\"https:\/\/www.aerostrutture.it\/wp-content\/uploads\/2016\/05\/c-d-x-8zKHg5JUp2U-unsplash-scaled-1-1024x683.jpg 1024w, https:\/\/www.aerostrutture.it\/wp-content\/uploads\/2016\/05\/c-d-x-8zKHg5JUp2U-unsplash-scaled-1-300x200.jpg 300w, https:\/\/www.aerostrutture.it\/wp-content\/uploads\/2016\/05\/c-d-x-8zKHg5JUp2U-unsplash-scaled-1-768x512.jpg 768w, https:\/\/www.aerostrutture.it\/wp-content\/uploads\/2016\/05\/c-d-x-8zKHg5JUp2U-unsplash-scaled-1-1536x1024.jpg 1536w, https:\/\/www.aerostrutture.it\/wp-content\/uploads\/2016\/05\/c-d-x-8zKHg5JUp2U-unsplash-scaled-1-2048x1366.jpg 2048w, https:\/\/www.aerostrutture.it\/wp-content\/uploads\/2016\/05\/c-d-x-8zKHg5JUp2U-unsplash-scaled-1-370x247.jpg 370w, https:\/\/www.aerostrutture.it\/wp-content\/uploads\/2016\/05\/c-d-x-8zKHg5JUp2U-unsplash-scaled-1-840x560.jpg 840w, https:\/\/www.aerostrutture.it\/wp-content\/uploads\/2016\/05\/c-d-x-8zKHg5JUp2U-unsplash-scaled-1-410x273.jpg 410w\" sizes=\"(max-width: 1024px) 100vw, 1024px\" \/><\/figure><\/li><li class=\"blocks-gallery-item\"><figure><img decoding=\"async\" src=\"https:\/\/aerostrutture.it\/wp-content\/uploads\/2021\/10\/aerostrutture_edificio-1024x449.jpg\" alt=\"\" data-id=\"15\" data-full-url=\"https:\/\/aerostrutture.it\/wp-content\/uploads\/2021\/10\/aerostrutture_edificio.jpg\" data-link=\"https:\/\/aerostrutture.it\/about-us\/aerostrutture_edificio\/\" class=\"wp-image-15\"\/><\/figure><\/li><\/ul><\/figure>\n","protected":false},"excerpt":{"rendered":"<p>Siglato a Belgrado tra AEROSTRUTTURE SPA e la societ\u00e0 d\u2019ingegneria PANIZZO CONSULTING, un accordo per&hellip;<\/p>\n","protected":false},"author":1,"featured_media":162,"comment_status":"closed","ping_status":"closed","sticky":false,"template":"","format":"standard","meta":{"footnotes":""},"categories":[190],"tags":[],"class_list":["post-24","post","type-post","status-publish","format-standard","has-post-thumbnail","hentry","category-news"],"yoast_head":"<!-- This site is optimized with the Yoast SEO plugin v27.5 - https:\/\/yoast.com\/product\/yoast-seo-wordpress\/ -->\n<title>Siglato a Belgrado l&#039;accordo con PANIZZO CONSULTING - Aerostrutture S.p.A.<\/title>\n<meta name=\"robots\" content=\"index, follow, max-snippet:-1, max-image-preview:large, max-video-preview:-1\" \/>\n<link rel=\"canonical\" href=\"https:\/\/www.aerostrutture.it\/it\/siglato-a-belgrado-laccordo-con-panizzo-consulting\/\" \/>\n<meta property=\"og:locale\" content=\"it_IT\" \/>\n<meta property=\"og:type\" content=\"article\" \/>\n<meta property=\"og:title\" content=\"Siglato a Belgrado l&#039;accordo con PANIZZO CONSULTING - Aerostrutture S.p.A.\" \/>\n<meta property=\"og:description\" content=\"Siglato a Belgrado tra AEROSTRUTTURE SPA e la societ\u00e0 d\u2019ingegneria PANIZZO CONSULTING, un accordo per&hellip;\" \/>\n<meta property=\"og:url\" content=\"https:\/\/www.aerostrutture.it\/it\/siglato-a-belgrado-laccordo-con-panizzo-consulting\/\" \/>\n<meta property=\"og:site_name\" content=\"Aerostrutture S.p.A.\" \/>\n<meta property=\"article:published_time\" content=\"2021-12-20T10:08:47+00:00\" \/>\n<meta property=\"article:modified_time\" content=\"2025-05-26T08:21:17+00:00\" \/>\n<meta property=\"og:image\" content=\"https:\/\/www.aerostrutture.it\/wp-content\/uploads\/2021\/12\/Michelagnoli-Panizzo-1500x10801-1.jpg\" \/>\n\t<meta property=\"og:image:width\" content=\"1500\" \/>\n\t<meta property=\"og:image:height\" content=\"550\" \/>\n\t<meta property=\"og:image:type\" content=\"image\/jpeg\" \/>\n<meta name=\"author\" content=\"admin\" \/>\n<meta name=\"twitter:card\" content=\"summary_large_image\" \/>\n<meta name=\"twitter:label1\" content=\"Scritto da\" \/>\n\t<meta name=\"twitter:data1\" content=\"admin\" \/>\n\t<meta name=\"twitter:label2\" content=\"Tempo di lettura stimato\" \/>\n\t<meta name=\"twitter:data2\" content=\"1 minuto\" \/>\n<script type=\"application\/ld+json\" class=\"yoast-schema-graph\">{\"@context\":\"https:\\\/\\\/schema.org\",\"@graph\":[{\"@type\":\"Article\",\"@id\":\"https:\\\/\\\/www.aerostrutture.it\\\/it\\\/siglato-a-belgrado-laccordo-con-panizzo-consulting\\\/#article\",\"isPartOf\":{\"@id\":\"https:\\\/\\\/www.aerostrutture.it\\\/it\\\/siglato-a-belgrado-laccordo-con-panizzo-consulting\\\/\"},\"author\":{\"name\":\"admin\",\"@id\":\"https:\\\/\\\/www.aerostrutture.it\\\/#\\\/schema\\\/person\\\/069c4945739d3c8a397de44fb5f7b266\"},\"headline\":\"Siglato a Belgrado l&#8217;accordo con PANIZZO CONSULTING\",\"datePublished\":\"2021-12-20T10:08:47+00:00\",\"dateModified\":\"2025-05-26T08:21:17+00:00\",\"mainEntityOfPage\":{\"@id\":\"https:\\\/\\\/www.aerostrutture.it\\\/it\\\/siglato-a-belgrado-laccordo-con-panizzo-consulting\\\/\"},\"wordCount\":154,\"publisher\":{\"@id\":\"https:\\\/\\\/www.aerostrutture.it\\\/#organization\"},\"image\":{\"@id\":\"https:\\\/\\\/www.aerostrutture.it\\\/it\\\/siglato-a-belgrado-laccordo-con-panizzo-consulting\\\/#primaryimage\"},\"thumbnailUrl\":\"https:\\\/\\\/www.aerostrutture.it\\\/wp-content\\\/uploads\\\/2021\\\/12\\\/Michelagnoli-Panizzo-1500x10801-1.jpg\",\"articleSection\":[\"News\"],\"inLanguage\":\"it-IT\"},{\"@type\":\"WebPage\",\"@id\":\"https:\\\/\\\/www.aerostrutture.it\\\/it\\\/siglato-a-belgrado-laccordo-con-panizzo-consulting\\\/\",\"url\":\"https:\\\/\\\/www.aerostrutture.it\\\/it\\\/siglato-a-belgrado-laccordo-con-panizzo-consulting\\\/\",\"name\":\"Siglato a Belgrado l'accordo con PANIZZO CONSULTING - Aerostrutture S.p.A.\",\"isPartOf\":{\"@id\":\"https:\\\/\\\/www.aerostrutture.it\\\/#website\"},\"primaryImageOfPage\":{\"@id\":\"https:\\\/\\\/www.aerostrutture.it\\\/it\\\/siglato-a-belgrado-laccordo-con-panizzo-consulting\\\/#primaryimage\"},\"image\":{\"@id\":\"https:\\\/\\\/www.aerostrutture.it\\\/it\\\/siglato-a-belgrado-laccordo-con-panizzo-consulting\\\/#primaryimage\"},\"thumbnailUrl\":\"https:\\\/\\\/www.aerostrutture.it\\\/wp-content\\\/uploads\\\/2021\\\/12\\\/Michelagnoli-Panizzo-1500x10801-1.jpg\",\"datePublished\":\"2021-12-20T10:08:47+00:00\",\"dateModified\":\"2025-05-26T08:21:17+00:00\",\"breadcrumb\":{\"@id\":\"https:\\\/\\\/www.aerostrutture.it\\\/it\\\/siglato-a-belgrado-laccordo-con-panizzo-consulting\\\/#breadcrumb\"},\"inLanguage\":\"it-IT\",\"potentialAction\":[{\"@type\":\"ReadAction\",\"target\":[\"https:\\\/\\\/www.aerostrutture.it\\\/it\\\/siglato-a-belgrado-laccordo-con-panizzo-consulting\\\/\"]}]},{\"@type\":\"ImageObject\",\"inLanguage\":\"it-IT\",\"@id\":\"https:\\\/\\\/www.aerostrutture.it\\\/it\\\/siglato-a-belgrado-laccordo-con-panizzo-consulting\\\/#primaryimage\",\"url\":\"https:\\\/\\\/www.aerostrutture.it\\\/wp-content\\\/uploads\\\/2021\\\/12\\\/Michelagnoli-Panizzo-1500x10801-1.jpg\",\"contentUrl\":\"https:\\\/\\\/www.aerostrutture.it\\\/wp-content\\\/uploads\\\/2021\\\/12\\\/Michelagnoli-Panizzo-1500x10801-1.jpg\",\"width\":1500,\"height\":550,\"caption\":\"Michelagnoli Panizzo\"},{\"@type\":\"BreadcrumbList\",\"@id\":\"https:\\\/\\\/www.aerostrutture.it\\\/it\\\/siglato-a-belgrado-laccordo-con-panizzo-consulting\\\/#breadcrumb\",\"itemListElement\":[{\"@type\":\"ListItem\",\"position\":1,\"name\":\"Home\",\"item\":\"https:\\\/\\\/www.aerostrutture.it\\\/it\\\/\"},{\"@type\":\"ListItem\",\"position\":2,\"name\":\"Siglato a Belgrado l&#8217;accordo con PANIZZO CONSULTING\"}]},{\"@type\":\"WebSite\",\"@id\":\"https:\\\/\\\/www.aerostrutture.it\\\/#website\",\"url\":\"https:\\\/\\\/www.aerostrutture.it\\\/\",\"name\":\"Aerostrutture S.p.A.\",\"description\":\"\",\"publisher\":{\"@id\":\"https:\\\/\\\/www.aerostrutture.it\\\/#organization\"},\"potentialAction\":[{\"@type\":\"SearchAction\",\"target\":{\"@type\":\"EntryPoint\",\"urlTemplate\":\"https:\\\/\\\/www.aerostrutture.it\\\/?s={search_term_string}\"},\"query-input\":{\"@type\":\"PropertyValueSpecification\",\"valueRequired\":true,\"valueName\":\"search_term_string\"}}],\"inLanguage\":\"it-IT\"},{\"@type\":\"Organization\",\"@id\":\"https:\\\/\\\/www.aerostrutture.it\\\/#organization\",\"name\":\"Aerostruttura s.p.A.\",\"url\":\"https:\\\/\\\/www.aerostrutture.it\\\/\",\"logo\":{\"@type\":\"ImageObject\",\"inLanguage\":\"it-IT\",\"@id\":\"https:\\\/\\\/www.aerostrutture.it\\\/#\\\/schema\\\/logo\\\/image\\\/\",\"url\":\"https:\\\/\\\/www.aerostrutture.it\\\/wp-content\\\/uploads\\\/2020\\\/06\\\/aerostrutture_logo.png\",\"contentUrl\":\"https:\\\/\\\/www.aerostrutture.it\\\/wp-content\\\/uploads\\\/2020\\\/06\\\/aerostrutture_logo.png\",\"width\":213,\"height\":79,\"caption\":\"Aerostruttura s.p.A.\"},\"image\":{\"@id\":\"https:\\\/\\\/www.aerostrutture.it\\\/#\\\/schema\\\/logo\\\/image\\\/\"}},{\"@type\":\"Person\",\"@id\":\"https:\\\/\\\/www.aerostrutture.it\\\/#\\\/schema\\\/person\\\/069c4945739d3c8a397de44fb5f7b266\",\"name\":\"admin\",\"image\":{\"@type\":\"ImageObject\",\"inLanguage\":\"it-IT\",\"@id\":\"https:\\\/\\\/secure.gravatar.com\\\/avatar\\\/758c8250a87b4241163354eb16cec87d8a63c8fb3e357c655e1f66529f4476d4?s=96&d=mm&r=g\",\"url\":\"https:\\\/\\\/secure.gravatar.com\\\/avatar\\\/758c8250a87b4241163354eb16cec87d8a63c8fb3e357c655e1f66529f4476d4?s=96&d=mm&r=g\",\"contentUrl\":\"https:\\\/\\\/secure.gravatar.com\\\/avatar\\\/758c8250a87b4241163354eb16cec87d8a63c8fb3e357c655e1f66529f4476d4?s=96&d=mm&r=g\",\"caption\":\"admin\"},\"sameAs\":[\"https:\\\/\\\/aerostrutture.it\"]}]}<\/script>\n<!-- \/ Yoast SEO plugin. -->","yoast_head_json":{"title":"Siglato a Belgrado l'accordo con PANIZZO CONSULTING - Aerostrutture S.p.A.","robots":{"index":"index","follow":"follow","max-snippet":"max-snippet:-1","max-image-preview":"max-image-preview:large","max-video-preview":"max-video-preview:-1"},"canonical":"https:\/\/www.aerostrutture.it\/it\/siglato-a-belgrado-laccordo-con-panizzo-consulting\/","og_locale":"it_IT","og_type":"article","og_title":"Siglato a Belgrado l'accordo con PANIZZO CONSULTING - Aerostrutture S.p.A.","og_description":"Siglato a Belgrado tra AEROSTRUTTURE SPA e la societ\u00e0 d\u2019ingegneria PANIZZO CONSULTING, un accordo per&hellip;","og_url":"https:\/\/www.aerostrutture.it\/it\/siglato-a-belgrado-laccordo-con-panizzo-consulting\/","og_site_name":"Aerostrutture S.p.A.","article_published_time":"2021-12-20T10:08:47+00:00","article_modified_time":"2025-05-26T08:21:17+00:00","og_image":[{"width":1500,"height":550,"url":"https:\/\/www.aerostrutture.it\/wp-content\/uploads\/2021\/12\/Michelagnoli-Panizzo-1500x10801-1.jpg","type":"image\/jpeg"}],"author":"admin","twitter_card":"summary_large_image","twitter_misc":{"Scritto da":"admin","Tempo di lettura stimato":"1 minuto"},"schema":{"@context":"https:\/\/schema.org","@graph":[{"@type":"Article","@id":"https:\/\/www.aerostrutture.it\/it\/siglato-a-belgrado-laccordo-con-panizzo-consulting\/#article","isPartOf":{"@id":"https:\/\/www.aerostrutture.it\/it\/siglato-a-belgrado-laccordo-con-panizzo-consulting\/"},"author":{"name":"admin","@id":"https:\/\/www.aerostrutture.it\/#\/schema\/person\/069c4945739d3c8a397de44fb5f7b266"},"headline":"Siglato a Belgrado l&#8217;accordo con PANIZZO CONSULTING","datePublished":"2021-12-20T10:08:47+00:00","dateModified":"2025-05-26T08:21:17+00:00","mainEntityOfPage":{"@id":"https:\/\/www.aerostrutture.it\/it\/siglato-a-belgrado-laccordo-con-panizzo-consulting\/"},"wordCount":154,"publisher":{"@id":"https:\/\/www.aerostrutture.it\/#organization"},"image":{"@id":"https:\/\/www.aerostrutture.it\/it\/siglato-a-belgrado-laccordo-con-panizzo-consulting\/#primaryimage"},"thumbnailUrl":"https:\/\/www.aerostrutture.it\/wp-content\/uploads\/2021\/12\/Michelagnoli-Panizzo-1500x10801-1.jpg","articleSection":["News"],"inLanguage":"it-IT"},{"@type":"WebPage","@id":"https:\/\/www.aerostrutture.it\/it\/siglato-a-belgrado-laccordo-con-panizzo-consulting\/","url":"https:\/\/www.aerostrutture.it\/it\/siglato-a-belgrado-laccordo-con-panizzo-consulting\/","name":"Siglato a Belgrado l'accordo con PANIZZO CONSULTING - Aerostrutture S.p.A.","isPartOf":{"@id":"https:\/\/www.aerostrutture.it\/#website"},"primaryImageOfPage":{"@id":"https:\/\/www.aerostrutture.it\/it\/siglato-a-belgrado-laccordo-con-panizzo-consulting\/#primaryimage"},"image":{"@id":"https:\/\/www.aerostrutture.it\/it\/siglato-a-belgrado-laccordo-con-panizzo-consulting\/#primaryimage"},"thumbnailUrl":"https:\/\/www.aerostrutture.it\/wp-content\/uploads\/2021\/12\/Michelagnoli-Panizzo-1500x10801-1.jpg","datePublished":"2021-12-20T10:08:47+00:00","dateModified":"2025-05-26T08:21:17+00:00","breadcrumb":{"@id":"https:\/\/www.aerostrutture.it\/it\/siglato-a-belgrado-laccordo-con-panizzo-consulting\/#breadcrumb"},"inLanguage":"it-IT","potentialAction":[{"@type":"ReadAction","target":["https:\/\/www.aerostrutture.it\/it\/siglato-a-belgrado-laccordo-con-panizzo-consulting\/"]}]},{"@type":"ImageObject","inLanguage":"it-IT","@id":"https:\/\/www.aerostrutture.it\/it\/siglato-a-belgrado-laccordo-con-panizzo-consulting\/#primaryimage","url":"https:\/\/www.aerostrutture.it\/wp-content\/uploads\/2021\/12\/Michelagnoli-Panizzo-1500x10801-1.jpg","contentUrl":"https:\/\/www.aerostrutture.it\/wp-content\/uploads\/2021\/12\/Michelagnoli-Panizzo-1500x10801-1.jpg","width":1500,"height":550,"caption":"Michelagnoli Panizzo"},{"@type":"BreadcrumbList","@id":"https:\/\/www.aerostrutture.it\/it\/siglato-a-belgrado-laccordo-con-panizzo-consulting\/#breadcrumb","itemListElement":[{"@type":"ListItem","position":1,"name":"Home","item":"https:\/\/www.aerostrutture.it\/it\/"},{"@type":"ListItem","position":2,"name":"Siglato a Belgrado l&#8217;accordo con PANIZZO CONSULTING"}]},{"@type":"WebSite","@id":"https:\/\/www.aerostrutture.it\/#website","url":"https:\/\/www.aerostrutture.it\/","name":"Aerostrutture S.p.A.","description":"","publisher":{"@id":"https:\/\/www.aerostrutture.it\/#organization"},"potentialAction":[{"@type":"SearchAction","target":{"@type":"EntryPoint","urlTemplate":"https:\/\/www.aerostrutture.it\/?s={search_term_string}"},"query-input":{"@type":"PropertyValueSpecification","valueRequired":true,"valueName":"search_term_string"}}],"inLanguage":"it-IT"},{"@type":"Organization","@id":"https:\/\/www.aerostrutture.it\/#organization","name":"Aerostruttura s.p.A.","url":"https:\/\/www.aerostrutture.it\/","logo":{"@type":"ImageObject","inLanguage":"it-IT","@id":"https:\/\/www.aerostrutture.it\/#\/schema\/logo\/image\/","url":"https:\/\/www.aerostrutture.it\/wp-content\/uploads\/2020\/06\/aerostrutture_logo.png","contentUrl":"https:\/\/www.aerostrutture.it\/wp-content\/uploads\/2020\/06\/aerostrutture_logo.png","width":213,"height":79,"caption":"Aerostruttura s.p.A."},"image":{"@id":"https:\/\/www.aerostrutture.it\/#\/schema\/logo\/image\/"}},{"@type":"Person","@id":"https:\/\/www.aerostrutture.it\/#\/schema\/person\/069c4945739d3c8a397de44fb5f7b266","name":"admin","image":{"@type":"ImageObject","inLanguage":"it-IT","@id":"https:\/\/secure.gravatar.com\/avatar\/758c8250a87b4241163354eb16cec87d8a63c8fb3e357c655e1f66529f4476d4?s=96&d=mm&r=g","url":"https:\/\/secure.gravatar.com\/avatar\/758c8250a87b4241163354eb16cec87d8a63c8fb3e357c655e1f66529f4476d4?s=96&d=mm&r=g","contentUrl":"https:\/\/secure.gravatar.com\/avatar\/758c8250a87b4241163354eb16cec87d8a63c8fb3e357c655e1f66529f4476d4?s=96&d=mm&r=g","caption":"admin"},"sameAs":["https:\/\/aerostrutture.it"]}]}},"_links":{"self":[{"href":"https:\/\/www.aerostrutture.it\/it\/wp-json\/wp\/v2\/posts\/24","targetHints":{"allow":["GET"]}}],"collection":[{"href":"https:\/\/www.aerostrutture.it\/it\/wp-json\/wp\/v2\/posts"}],"about":[{"href":"https:\/\/www.aerostrutture.it\/it\/wp-json\/wp\/v2\/types\/post"}],"author":[{"embeddable":true,"href":"https:\/\/www.aerostrutture.it\/it\/wp-json\/wp\/v2\/users\/1"}],"replies":[{"embeddable":true,"href":"https:\/\/www.aerostrutture.it\/it\/wp-json\/wp\/v2\/comments?post=24"}],"version-history":[{"count":1,"href":"https:\/\/www.aerostrutture.it\/it\/wp-json\/wp\/v2\/posts\/24\/revisions"}],"predecessor-version":[{"id":18574,"href":"https:\/\/www.aerostrutture.it\/it\/wp-json\/wp\/v2\/posts\/24\/revisions\/18574"}],"wp:featuredmedia":[{"embeddable":true,"href":"https:\/\/www.aerostrutture.it\/it\/wp-json\/wp\/v2\/media\/162"}],"wp:attachment":[{"href":"https:\/\/www.aerostrutture.it\/it\/wp-json\/wp\/v2\/media?parent=24"}],"wp:term":[{"taxonomy":"category","embeddable":true,"href":"https:\/\/www.aerostrutture.it\/it\/wp-json\/wp\/v2\/categories?post=24"},{"taxonomy":"post_tag","embeddable":true,"href":"https:\/\/www.aerostrutture.it\/it\/wp-json\/wp\/v2\/tags?post=24"}],"curies":[{"name":"wp","href":"https:\/\/api.w.org\/{rel}","templated":true}]}}