{"id":19737,"date":"2025-06-02T00:01:00","date_gmt":"2025-06-01T22:01:00","guid":{"rendered":"https:\/\/www.aerostrutture.it\/?p=19737"},"modified":"2025-06-01T09:23:23","modified_gmt":"2025-06-01T07:23:23","slug":"2-giugno-2025-festa-della-repubblica","status":"publish","type":"post","link":"https:\/\/www.aerostrutture.it\/it\/2-giugno-2025-festa-della-repubblica\/","title":{"rendered":"2 giugno 2025, Festa della Repubblica."},"content":{"rendered":"\n<p>La Festa della Repubblica italiana, celebrata oggi il 2 giugno, costituisce per noi tutti un momento di riflessione sulla nascita di una nuova Italia, una repubblica democratica fondata sulla volont\u00e0 popolare.\u00a0<\/p>\n\n\n\n<p>In questo giorno Aerostrutture \u00e8 orgogliosa e fiera\u00a0di contribuire con le proprie attivit\u00e0 di produzione, manutenzione e realizzazione dei prodotti in house, \u00a0ad innalzare il prestigio nazionale con l\u2019innovazione tecnologica proiettata al futuro, al servizio delle pi\u00f9 prestigiose aziende di settore.<\/p>\n\n\n\n<p>La responsabilit\u00e0 sociale d&#8217;Impresa, nostro \u201c<em>leitmotif<\/em>\u201d ci consente di orientare le nostre scelte manageriali in una dimensione sociale ed ambientale, nelle attivit\u00e0 commerciali e nei rapporti con le parti interessate, come dipendenti, clienti e la comunit\u00e0 locale, affinch\u00e9 non solo il profitto sia il nostro obiettivo &nbsp;ma anche i positivi riflessi che le nostre azioni hanno sulla societ\u00e0 e sull&#8217;ambiente.&nbsp;<\/p>\n\n\n\n<p>Creativit\u00e0 ed eccellenza&nbsp;associate alla qualit\u00e0 delle opere dell\u2019ingegno dei nostri servizi per promuovere&nbsp; la tutela del valore e delle specificit\u00e0&nbsp; dei prodotti italiani.<\/p>\n\n\n\n<p>La responsabilit\u00e0 sociale di A\/S \u00e8 sempre pi\u00f9 orientata alla collaborazione &nbsp;produttiva tesa al rafforzamento dell\u2019industria di Stato in uno scenario internazionale in cui l\u2019Italia \u00e8, e deve rimanere, protagonista del proprio futuro.<\/p>\n\n\n\n<p>In questo giorno in cui si rinnova negli italiani quello spirito patriottico e di appartenenza identitaria che richiama i valori pi\u00f9 alti, auguro a tutti i nostri lavoratori i pi\u00f9 fervidi auguri<\/p>\n\n\n\n<p><\/p>\n\n\n\n<p>Viva la Repubblica Italiana.<\/p>\n\n\n\n<p>Augusto Michelagnoli Presidente A\/S<\/p>\n\n\n\n<figure class=\"wp-block-image size-large\"><img fetchpriority=\"high\" decoding=\"async\" width=\"1024\" height=\"804\" src=\"https:\/\/aerostrutture.it\/wp-content\/uploads\/2025\/06\/foto-2-giugno-2025-1024x804.jpg\" alt=\"\" class=\"wp-image-19745\" srcset=\"https:\/\/www.aerostrutture.it\/wp-content\/uploads\/2025\/06\/foto-2-giugno-2025-1024x804.jpg 1024w, https:\/\/www.aerostrutture.it\/wp-content\/uploads\/2025\/06\/foto-2-giugno-2025-300x235.jpg 300w, https:\/\/www.aerostrutture.it\/wp-content\/uploads\/2025\/06\/foto-2-giugno-2025-768x603.jpg 768w, https:\/\/www.aerostrutture.it\/wp-content\/uploads\/2025\/06\/foto-2-giugno-2025-1536x1206.jpg 1536w, https:\/\/www.aerostrutture.it\/wp-content\/uploads\/2025\/06\/foto-2-giugno-2025-2048x1607.jpg 2048w, https:\/\/www.aerostrutture.it\/wp-content\/uploads\/2025\/06\/foto-2-giugno-2025-370x290.jpg 370w, https:\/\/www.aerostrutture.it\/wp-content\/uploads\/2025\/06\/foto-2-giugno-2025-840x659.jpg 840w, https:\/\/www.aerostrutture.it\/wp-content\/uploads\/2025\/06\/foto-2-giugno-2025-410x322.jpg 410w\" sizes=\"(max-width: 1024px) 100vw, 1024px\" \/><\/figure>\n","protected":false},"excerpt":{"rendered":"<p>La Festa della Repubblica italiana, celebrata oggi il 2 giugno, costituisce per noi tutti un&hellip;<\/p>\n","protected":false},"author":3,"featured_media":19745,"comment_status":"closed","ping_status":"open","sticky":false,"template":"","format":"standard","meta":{"footnotes":""},"categories":[190],"tags":[],"class_list":["post-19737","post","type-post","status-publish","format-standard","has-post-thumbnail","hentry","category-news"],"yoast_head":"<!-- This site is optimized with the Yoast SEO plugin v27.5 - https:\/\/yoast.com\/product\/yoast-seo-wordpress\/ -->\n<title>2 giugno 2025, Festa della Repubblica. - Aerostrutture S.p.A.<\/title>\n<meta name=\"robots\" content=\"index, follow, max-snippet:-1, max-image-preview:large, max-video-preview:-1\" \/>\n<link rel=\"canonical\" href=\"https:\/\/www.aerostrutture.it\/it\/2-giugno-2025-festa-della-repubblica\/\" \/>\n<meta property=\"og:locale\" content=\"it_IT\" \/>\n<meta property=\"og:type\" content=\"article\" \/>\n<meta property=\"og:title\" content=\"2 giugno 2025, Festa della Repubblica. - Aerostrutture S.p.A.\" \/>\n<meta property=\"og:description\" content=\"La Festa della Repubblica italiana, celebrata oggi il 2 giugno, costituisce per noi tutti un&hellip;\" \/>\n<meta property=\"og:url\" content=\"https:\/\/www.aerostrutture.it\/it\/2-giugno-2025-festa-della-repubblica\/\" \/>\n<meta property=\"og:site_name\" content=\"Aerostrutture S.p.A.\" \/>\n<meta property=\"article:published_time\" content=\"2025-06-01T22:01:00+00:00\" \/>\n<meta property=\"og:image\" content=\"https:\/\/www.aerostrutture.it\/wp-content\/uploads\/2025\/06\/foto-2-giugno-2025-scaled.jpg\" \/>\n\t<meta property=\"og:image:width\" content=\"2560\" \/>\n\t<meta property=\"og:image:height\" content=\"2009\" \/>\n\t<meta property=\"og:image:type\" content=\"image\/jpeg\" \/>\n<meta name=\"author\" content=\"aerostrutture\" \/>\n<meta name=\"twitter:card\" content=\"summary_large_image\" \/>\n<meta name=\"twitter:label1\" content=\"Scritto da\" \/>\n\t<meta name=\"twitter:data1\" content=\"aerostrutture\" \/>\n\t<meta name=\"twitter:label2\" content=\"Tempo di lettura stimato\" \/>\n\t<meta name=\"twitter:data2\" content=\"2 minuti\" \/>\n<script type=\"application\/ld+json\" class=\"yoast-schema-graph\">{\"@context\":\"https:\\\/\\\/schema.org\",\"@graph\":[{\"@type\":\"Article\",\"@id\":\"https:\\\/\\\/www.aerostrutture.it\\\/it\\\/2-giugno-2025-festa-della-repubblica\\\/#article\",\"isPartOf\":{\"@id\":\"https:\\\/\\\/www.aerostrutture.it\\\/it\\\/2-giugno-2025-festa-della-repubblica\\\/\"},\"author\":{\"name\":\"aerostrutture\",\"@id\":\"https:\\\/\\\/www.aerostrutture.it\\\/#\\\/schema\\\/person\\\/61f6877edb09429efac93c877a02efa4\"},\"headline\":\"2 giugno 2025, Festa della Repubblica.\",\"datePublished\":\"2025-06-01T22:01:00+00:00\",\"mainEntityOfPage\":{\"@id\":\"https:\\\/\\\/www.aerostrutture.it\\\/it\\\/2-giugno-2025-festa-della-repubblica\\\/\"},\"wordCount\":244,\"publisher\":{\"@id\":\"https:\\\/\\\/www.aerostrutture.it\\\/#organization\"},\"image\":{\"@id\":\"https:\\\/\\\/www.aerostrutture.it\\\/it\\\/2-giugno-2025-festa-della-repubblica\\\/#primaryimage\"},\"thumbnailUrl\":\"https:\\\/\\\/www.aerostrutture.it\\\/wp-content\\\/uploads\\\/2025\\\/06\\\/foto-2-giugno-2025-scaled.jpg\",\"articleSection\":[\"News\"],\"inLanguage\":\"it-IT\"},{\"@type\":\"WebPage\",\"@id\":\"https:\\\/\\\/www.aerostrutture.it\\\/it\\\/2-giugno-2025-festa-della-repubblica\\\/\",\"url\":\"https:\\\/\\\/www.aerostrutture.it\\\/it\\\/2-giugno-2025-festa-della-repubblica\\\/\",\"name\":\"2 giugno 2025, Festa della Repubblica. - Aerostrutture S.p.A.\",\"isPartOf\":{\"@id\":\"https:\\\/\\\/www.aerostrutture.it\\\/#website\"},\"primaryImageOfPage\":{\"@id\":\"https:\\\/\\\/www.aerostrutture.it\\\/it\\\/2-giugno-2025-festa-della-repubblica\\\/#primaryimage\"},\"image\":{\"@id\":\"https:\\\/\\\/www.aerostrutture.it\\\/it\\\/2-giugno-2025-festa-della-repubblica\\\/#primaryimage\"},\"thumbnailUrl\":\"https:\\\/\\\/www.aerostrutture.it\\\/wp-content\\\/uploads\\\/2025\\\/06\\\/foto-2-giugno-2025-scaled.jpg\",\"datePublished\":\"2025-06-01T22:01:00+00:00\",\"breadcrumb\":{\"@id\":\"https:\\\/\\\/www.aerostrutture.it\\\/it\\\/2-giugno-2025-festa-della-repubblica\\\/#breadcrumb\"},\"inLanguage\":\"it-IT\",\"potentialAction\":[{\"@type\":\"ReadAction\",\"target\":[\"https:\\\/\\\/www.aerostrutture.it\\\/it\\\/2-giugno-2025-festa-della-repubblica\\\/\"]}]},{\"@type\":\"ImageObject\",\"inLanguage\":\"it-IT\",\"@id\":\"https:\\\/\\\/www.aerostrutture.it\\\/it\\\/2-giugno-2025-festa-della-repubblica\\\/#primaryimage\",\"url\":\"https:\\\/\\\/www.aerostrutture.it\\\/wp-content\\\/uploads\\\/2025\\\/06\\\/foto-2-giugno-2025-scaled.jpg\",\"contentUrl\":\"https:\\\/\\\/www.aerostrutture.it\\\/wp-content\\\/uploads\\\/2025\\\/06\\\/foto-2-giugno-2025-scaled.jpg\",\"width\":2560,\"height\":2009},{\"@type\":\"BreadcrumbList\",\"@id\":\"https:\\\/\\\/www.aerostrutture.it\\\/it\\\/2-giugno-2025-festa-della-repubblica\\\/#breadcrumb\",\"itemListElement\":[{\"@type\":\"ListItem\",\"position\":1,\"name\":\"Home\",\"item\":\"https:\\\/\\\/www.aerostrutture.it\\\/it\\\/\"},{\"@type\":\"ListItem\",\"position\":2,\"name\":\"2 giugno 2025, Festa della Repubblica.\"}]},{\"@type\":\"WebSite\",\"@id\":\"https:\\\/\\\/www.aerostrutture.it\\\/#website\",\"url\":\"https:\\\/\\\/www.aerostrutture.it\\\/\",\"name\":\"Aerostrutture S.p.A.\",\"description\":\"\",\"publisher\":{\"@id\":\"https:\\\/\\\/www.aerostrutture.it\\\/#organization\"},\"potentialAction\":[{\"@type\":\"SearchAction\",\"target\":{\"@type\":\"EntryPoint\",\"urlTemplate\":\"https:\\\/\\\/www.aerostrutture.it\\\/?s={search_term_string}\"},\"query-input\":{\"@type\":\"PropertyValueSpecification\",\"valueRequired\":true,\"valueName\":\"search_term_string\"}}],\"inLanguage\":\"it-IT\"},{\"@type\":\"Organization\",\"@id\":\"https:\\\/\\\/www.aerostrutture.it\\\/#organization\",\"name\":\"Aerostruttura s.p.A.\",\"url\":\"https:\\\/\\\/www.aerostrutture.it\\\/\",\"logo\":{\"@type\":\"ImageObject\",\"inLanguage\":\"it-IT\",\"@id\":\"https:\\\/\\\/www.aerostrutture.it\\\/#\\\/schema\\\/logo\\\/image\\\/\",\"url\":\"https:\\\/\\\/www.aerostrutture.it\\\/wp-content\\\/uploads\\\/2020\\\/06\\\/aerostrutture_logo.png\",\"contentUrl\":\"https:\\\/\\\/www.aerostrutture.it\\\/wp-content\\\/uploads\\\/2020\\\/06\\\/aerostrutture_logo.png\",\"width\":213,\"height\":79,\"caption\":\"Aerostruttura s.p.A.\"},\"image\":{\"@id\":\"https:\\\/\\\/www.aerostrutture.it\\\/#\\\/schema\\\/logo\\\/image\\\/\"}},{\"@type\":\"Person\",\"@id\":\"https:\\\/\\\/www.aerostrutture.it\\\/#\\\/schema\\\/person\\\/61f6877edb09429efac93c877a02efa4\",\"name\":\"aerostrutture\",\"image\":{\"@type\":\"ImageObject\",\"inLanguage\":\"it-IT\",\"@id\":\"https:\\\/\\\/secure.gravatar.com\\\/avatar\\\/780aad60a92c256d06db83e72f305a1dcadff979409d47eb379dde8999afa204?s=96&d=mm&r=g\",\"url\":\"https:\\\/\\\/secure.gravatar.com\\\/avatar\\\/780aad60a92c256d06db83e72f305a1dcadff979409d47eb379dde8999afa204?s=96&d=mm&r=g\",\"contentUrl\":\"https:\\\/\\\/secure.gravatar.com\\\/avatar\\\/780aad60a92c256d06db83e72f305a1dcadff979409d47eb379dde8999afa204?s=96&d=mm&r=g\",\"caption\":\"aerostrutture\"}}]}<\/script>\n<!-- \/ Yoast SEO plugin. -->","yoast_head_json":{"title":"2 giugno 2025, Festa della Repubblica. - Aerostrutture S.p.A.","robots":{"index":"index","follow":"follow","max-snippet":"max-snippet:-1","max-image-preview":"max-image-preview:large","max-video-preview":"max-video-preview:-1"},"canonical":"https:\/\/www.aerostrutture.it\/it\/2-giugno-2025-festa-della-repubblica\/","og_locale":"it_IT","og_type":"article","og_title":"2 giugno 2025, Festa della Repubblica. - Aerostrutture S.p.A.","og_description":"La Festa della Repubblica italiana, celebrata oggi il 2 giugno, costituisce per noi tutti un&hellip;","og_url":"https:\/\/www.aerostrutture.it\/it\/2-giugno-2025-festa-della-repubblica\/","og_site_name":"Aerostrutture S.p.A.","article_published_time":"2025-06-01T22:01:00+00:00","og_image":[{"width":2560,"height":2009,"url":"https:\/\/www.aerostrutture.it\/wp-content\/uploads\/2025\/06\/foto-2-giugno-2025-scaled.jpg","type":"image\/jpeg"}],"author":"aerostrutture","twitter_card":"summary_large_image","twitter_misc":{"Scritto da":"aerostrutture","Tempo di lettura stimato":"2 minuti"},"schema":{"@context":"https:\/\/schema.org","@graph":[{"@type":"Article","@id":"https:\/\/www.aerostrutture.it\/it\/2-giugno-2025-festa-della-repubblica\/#article","isPartOf":{"@id":"https:\/\/www.aerostrutture.it\/it\/2-giugno-2025-festa-della-repubblica\/"},"author":{"name":"aerostrutture","@id":"https:\/\/www.aerostrutture.it\/#\/schema\/person\/61f6877edb09429efac93c877a02efa4"},"headline":"2 giugno 2025, Festa della Repubblica.","datePublished":"2025-06-01T22:01:00+00:00","mainEntityOfPage":{"@id":"https:\/\/www.aerostrutture.it\/it\/2-giugno-2025-festa-della-repubblica\/"},"wordCount":244,"publisher":{"@id":"https:\/\/www.aerostrutture.it\/#organization"},"image":{"@id":"https:\/\/www.aerostrutture.it\/it\/2-giugno-2025-festa-della-repubblica\/#primaryimage"},"thumbnailUrl":"https:\/\/www.aerostrutture.it\/wp-content\/uploads\/2025\/06\/foto-2-giugno-2025-scaled.jpg","articleSection":["News"],"inLanguage":"it-IT"},{"@type":"WebPage","@id":"https:\/\/www.aerostrutture.it\/it\/2-giugno-2025-festa-della-repubblica\/","url":"https:\/\/www.aerostrutture.it\/it\/2-giugno-2025-festa-della-repubblica\/","name":"2 giugno 2025, Festa della Repubblica. - Aerostrutture S.p.A.","isPartOf":{"@id":"https:\/\/www.aerostrutture.it\/#website"},"primaryImageOfPage":{"@id":"https:\/\/www.aerostrutture.it\/it\/2-giugno-2025-festa-della-repubblica\/#primaryimage"},"image":{"@id":"https:\/\/www.aerostrutture.it\/it\/2-giugno-2025-festa-della-repubblica\/#primaryimage"},"thumbnailUrl":"https:\/\/www.aerostrutture.it\/wp-content\/uploads\/2025\/06\/foto-2-giugno-2025-scaled.jpg","datePublished":"2025-06-01T22:01:00+00:00","breadcrumb":{"@id":"https:\/\/www.aerostrutture.it\/it\/2-giugno-2025-festa-della-repubblica\/#breadcrumb"},"inLanguage":"it-IT","potentialAction":[{"@type":"ReadAction","target":["https:\/\/www.aerostrutture.it\/it\/2-giugno-2025-festa-della-repubblica\/"]}]},{"@type":"ImageObject","inLanguage":"it-IT","@id":"https:\/\/www.aerostrutture.it\/it\/2-giugno-2025-festa-della-repubblica\/#primaryimage","url":"https:\/\/www.aerostrutture.it\/wp-content\/uploads\/2025\/06\/foto-2-giugno-2025-scaled.jpg","contentUrl":"https:\/\/www.aerostrutture.it\/wp-content\/uploads\/2025\/06\/foto-2-giugno-2025-scaled.jpg","width":2560,"height":2009},{"@type":"BreadcrumbList","@id":"https:\/\/www.aerostrutture.it\/it\/2-giugno-2025-festa-della-repubblica\/#breadcrumb","itemListElement":[{"@type":"ListItem","position":1,"name":"Home","item":"https:\/\/www.aerostrutture.it\/it\/"},{"@type":"ListItem","position":2,"name":"2 giugno 2025, Festa della Repubblica."}]},{"@type":"WebSite","@id":"https:\/\/www.aerostrutture.it\/#website","url":"https:\/\/www.aerostrutture.it\/","name":"Aerostrutture S.p.A.","description":"","publisher":{"@id":"https:\/\/www.aerostrutture.it\/#organization"},"potentialAction":[{"@type":"SearchAction","target":{"@type":"EntryPoint","urlTemplate":"https:\/\/www.aerostrutture.it\/?s={search_term_string}"},"query-input":{"@type":"PropertyValueSpecification","valueRequired":true,"valueName":"search_term_string"}}],"inLanguage":"it-IT"},{"@type":"Organization","@id":"https:\/\/www.aerostrutture.it\/#organization","name":"Aerostruttura s.p.A.","url":"https:\/\/www.aerostrutture.it\/","logo":{"@type":"ImageObject","inLanguage":"it-IT","@id":"https:\/\/www.aerostrutture.it\/#\/schema\/logo\/image\/","url":"https:\/\/www.aerostrutture.it\/wp-content\/uploads\/2020\/06\/aerostrutture_logo.png","contentUrl":"https:\/\/www.aerostrutture.it\/wp-content\/uploads\/2020\/06\/aerostrutture_logo.png","width":213,"height":79,"caption":"Aerostruttura s.p.A."},"image":{"@id":"https:\/\/www.aerostrutture.it\/#\/schema\/logo\/image\/"}},{"@type":"Person","@id":"https:\/\/www.aerostrutture.it\/#\/schema\/person\/61f6877edb09429efac93c877a02efa4","name":"aerostrutture","image":{"@type":"ImageObject","inLanguage":"it-IT","@id":"https:\/\/secure.gravatar.com\/avatar\/780aad60a92c256d06db83e72f305a1dcadff979409d47eb379dde8999afa204?s=96&d=mm&r=g","url":"https:\/\/secure.gravatar.com\/avatar\/780aad60a92c256d06db83e72f305a1dcadff979409d47eb379dde8999afa204?s=96&d=mm&r=g","contentUrl":"https:\/\/secure.gravatar.com\/avatar\/780aad60a92c256d06db83e72f305a1dcadff979409d47eb379dde8999afa204?s=96&d=mm&r=g","caption":"aerostrutture"}}]}},"_links":{"self":[{"href":"https:\/\/www.aerostrutture.it\/it\/wp-json\/wp\/v2\/posts\/19737","targetHints":{"allow":["GET"]}}],"collection":[{"href":"https:\/\/www.aerostrutture.it\/it\/wp-json\/wp\/v2\/posts"}],"about":[{"href":"https:\/\/www.aerostrutture.it\/it\/wp-json\/wp\/v2\/types\/post"}],"author":[{"embeddable":true,"href":"https:\/\/www.aerostrutture.it\/it\/wp-json\/wp\/v2\/users\/3"}],"replies":[{"embeddable":true,"href":"https:\/\/www.aerostrutture.it\/it\/wp-json\/wp\/v2\/comments?post=19737"}],"version-history":[{"count":5,"href":"https:\/\/www.aerostrutture.it\/it\/wp-json\/wp\/v2\/posts\/19737\/revisions"}],"predecessor-version":[{"id":19749,"href":"https:\/\/www.aerostrutture.it\/it\/wp-json\/wp\/v2\/posts\/19737\/revisions\/19749"}],"wp:featuredmedia":[{"embeddable":true,"href":"https:\/\/www.aerostrutture.it\/it\/wp-json\/wp\/v2\/media\/19745"}],"wp:attachment":[{"href":"https:\/\/www.aerostrutture.it\/it\/wp-json\/wp\/v2\/media?parent=19737"}],"wp:term":[{"taxonomy":"category","embeddable":true,"href":"https:\/\/www.aerostrutture.it\/it\/wp-json\/wp\/v2\/categories?post=19737"},{"taxonomy":"post_tag","embeddable":true,"href":"https:\/\/www.aerostrutture.it\/it\/wp-json\/wp\/v2\/tags?post=19737"}],"curies":[{"name":"wp","href":"https:\/\/api.w.org\/{rel}","templated":true}]}}