{"id":1561,"date":"2023-05-17T22:53:48","date_gmt":"2023-05-17T20:53:48","guid":{"rendered":"https:\/\/www.aerostrutture.it\/?p=1561"},"modified":"2025-05-26T10:21:16","modified_gmt":"2025-05-26T08:21:16","slug":"progetto-aviotron-accordo-con-luniversita-di-belgrado","status":"publish","type":"post","link":"https:\/\/www.aerostrutture.it\/it\/progetto-aviotron-accordo-con-luniversita-di-belgrado\/","title":{"rendered":"Progetto Aviotron \u2013 Accordo con l\u2019Universit\u00e0 di Belgrado."},"content":{"rendered":"<p><!-- \/wp:post-content --><!-- wp:paragraph --><\/p>\n<p><!-- \/wp:paragraph --><!-- wp:paragraph --><\/p>\n<p><!-- \/wp:paragraph --><!-- wp:paragraph --><\/p>\n<p><!-- \/wp:paragraph --><!-- wp:paragraph --><\/p>\n<p>Firmato oggi l\u2019accordo tra Aerostrutture Spa ed il \u201c<strong>Centro d\u2019innovazione della Facolt\u00e0 di Elettrotecnica<\/strong>\u201d di Belgrado per lo sviluppo del progetto Aviotron \u2013 <em>studio progettuale per la digitalizzazione delle superfici alari.<\/em><\/p>\n<p><!-- \/wp:paragraph --><!-- wp:paragraph --><\/p>\n<p>Il fautore dell\u2019accordo \u00e8 Petar Ilija Milic, giovanissimo dottore in matematica che \u00e8 riuscito ad unire le capacit\u00e0 di A\/S con la facolt\u00e0 di studio accademico e sviluppo applicativo di nuove tecnologie.<\/p>\n<p><!-- \/wp:paragraph --><!-- wp:paragraph --><\/p>\n<p>Grazie alla fiducia riposta,&nbsp;questo accordo sancisce una storica collaborazione tra le aziende italiane del settore aeronautico e gli atenei serbi, nella sempre crescente voglia di collaborazione e promozione della cooperazione tra i due Paesi e scambio di buone pratiche nei settori di reciproco interesse strategico.<\/p>\n<p><!-- \/wp:paragraph --><!-- wp:paragraph --><\/p>\n<p>La storica amicizia tra i popoli serbo ed italiano si riverbera anche nella ricerca e nello sviluppo nel settore di interesse strategico nell\u2019ottica di una sinergica collaborazione industriale e partenariato a livello tecnologico.<\/p>\n<p><!-- \/wp:paragraph --><!-- wp:paragraph --><\/p>\n<p>Una menzione particolare ed un sincero ringraziamento da parte di Aerostrutture \u00e8 rivolto al <strong>Prof. <a href=\"https:\/\/www.sanu.ac.rs\/clan\/djordjevic-antonije\/\"><span style=\"font-weight: normal;\">Dr. Antonije Dordevic<\/span><\/a><\/strong>, accademico di fama internazionale che ha compreso l\u2019idea della nostra azienda mettendo le proprie competenze e quelle dell\u2019Ateneo al servizio dell\u2019industria aeronautica italiana, per un mutuo accrescimento delle conoscenze tecnologiche ed ambiti applicativi.<b><\/b><\/p>\n<p>Il dr. <strong>Dordevic<\/strong> professore ordinario presso la Facolt\u00e0 di Ingegneria Elettrica \u00e8 considerato un\u2019autorit\u00e0 indiscussa e uno dei luminari pi\u00f9 rispettati della Facolt\u00e0 di Ingegneria Elettrica contemporanea, come testimoniano le considerazioni espresse sul suo conto da parte di studenti ed esperti del settore.<\/p>\n<p><!-- \/wp:paragraph --><!-- wp:paragraph --><\/p>\n<p>Diventato&nbsp;membro corrispondente&nbsp;<a href=\"https:\/\/it.wikipedia.org\/wiki\/Accademia_serba_delle_scienze_e_delle_arti\">dell&#8217;Accademia serba delle scienze e delle arti&nbsp;<\/a> presso il dipartimento di scienze tecniche \u00e8 stato vincitore&nbsp;del premio Nikola Tesla.<\/p>\n<p><!-- \/wp:paragraph --><!-- wp:paragraph --><\/p>\n<p>Confidiamo in una lunga collaborazione con il prestigioso ateneo serbo per il nuovo studio progettuale che apre un percorso che consentir\u00e0 l\u2019implementazione degli impegni dell\u2019azienda nel <strong>settore della ricerca e dello sviluppo,<\/strong> con la progettazione di nuovi materiali con propriet\u00e0 eccezionali che troveranno applicazione ed utilizzo negli ambiti strategici del settore aeronautico in cui la nostra azienda opera.<\/p>\n<p><!-- \/wp:paragraph --><\/p>\n<p><!-- \/wp:paragraph --><!-- wp:paragraph --><\/p>\n<p><!-- \/wp:paragraph --><\/p>\n<p><!-- wp:paragraph --><\/p>\n<p><!-- \/wp:paragraph --><\/p>\n<p><!-- \/wp:paragraph --><!-- wp:paragraph --><\/p>\n<p><!-- \/wp:paragraph --><!-- wp:paragraph --><\/p>\n<p><!-- \/wp:paragraph --><!-- wp:paragraph --><\/p>\n<p><!-- \/wp:paragraph --><!-- wp:paragraph --><\/p>\n<p><!-- \/wp:paragraph --><!-- wp:paragraph --><\/p>\n<p><!-- \/wp:paragraph --><\/p>\n<p><!-- wp:image {\"id\":1562,\"sizeSlug\":\"large\",\"linkDestination\":\"none\"} --><\/p>\n<figure class=\"wp-block-image size-large\"><img fetchpriority=\"high\" decoding=\"async\" width=\"768\" height=\"1024\" class=\"wp-image-1562\" src=\"https:\/\/aerostrutture.it\/wp-content\/uploads\/2023\/05\/Immagine-WhatsApp-2023-05-17-ore-15.34.48-768x1024.jpg\" alt=\"\" srcset=\"https:\/\/www.aerostrutture.it\/wp-content\/uploads\/2023\/05\/Immagine-WhatsApp-2023-05-17-ore-15.34.48-768x1024.jpg 768w, https:\/\/www.aerostrutture.it\/wp-content\/uploads\/2023\/05\/Immagine-WhatsApp-2023-05-17-ore-15.34.48-225x300.jpg 225w, https:\/\/www.aerostrutture.it\/wp-content\/uploads\/2023\/05\/Immagine-WhatsApp-2023-05-17-ore-15.34.48-1152x1536.jpg 1152w, https:\/\/www.aerostrutture.it\/wp-content\/uploads\/2023\/05\/Immagine-WhatsApp-2023-05-17-ore-15.34.48-370x493.jpg 370w, https:\/\/www.aerostrutture.it\/wp-content\/uploads\/2023\/05\/Immagine-WhatsApp-2023-05-17-ore-15.34.48-840x1120.jpg 840w, https:\/\/www.aerostrutture.it\/wp-content\/uploads\/2023\/05\/Immagine-WhatsApp-2023-05-17-ore-15.34.48-410x547.jpg 410w, https:\/\/www.aerostrutture.it\/wp-content\/uploads\/2023\/05\/Immagine-WhatsApp-2023-05-17-ore-15.34.48.jpg 1200w\" sizes=\"(max-width: 768px) 100vw, 768px\" \/><figcaption class=\"wp-element-caption\">Il dr. Petar Ilija Milic ed il Presidente A.S. Dr. Michelagnoli<\/figcaption><\/figure>\n<p><!-- \/wp:image --><\/p>\n<p><!-- wp:image {\"id\":1564,\"sizeSlug\":\"large\",\"linkDestination\":\"none\"} --><\/p>\n<figure class=\"wp-block-image size-large\"><img decoding=\"async\" width=\"768\" height=\"1024\" class=\"wp-image-1564\" src=\"https:\/\/aerostrutture.it\/wp-content\/uploads\/2023\/05\/12555_antonije_djordjevic-768x1024.jpg\" alt=\"\" srcset=\"https:\/\/www.aerostrutture.it\/wp-content\/uploads\/2023\/05\/12555_antonije_djordjevic-768x1024.jpg 768w, https:\/\/www.aerostrutture.it\/wp-content\/uploads\/2023\/05\/12555_antonije_djordjevic-225x300.jpg 225w, https:\/\/www.aerostrutture.it\/wp-content\/uploads\/2023\/05\/12555_antonije_djordjevic-1152x1536.jpg 1152w, https:\/\/www.aerostrutture.it\/wp-content\/uploads\/2023\/05\/12555_antonije_djordjevic-370x493.jpg 370w, https:\/\/www.aerostrutture.it\/wp-content\/uploads\/2023\/05\/12555_antonije_djordjevic-840x1120.jpg 840w, https:\/\/www.aerostrutture.it\/wp-content\/uploads\/2023\/05\/12555_antonije_djordjevic-410x547.jpg 410w, https:\/\/www.aerostrutture.it\/wp-content\/uploads\/2023\/05\/12555_antonije_djordjevic.jpg 1200w\" sizes=\"(max-width: 768px) 100vw, 768px\" \/><\/figure>\n<p><!-- \/wp:image --><\/p>\n<p><!-- wp:paragraph --><\/p>\n<p>Prof. Dr. Antonije Dordevic<\/p>\n<p><!-- \/wp:paragraph --><\/p>\n<p><!-- wp:heading --><\/p>\n<h2><\/h2>\n<p><!-- \/wp:heading --><\/p>\n\n","protected":false},"excerpt":{"rendered":"<p>Firmato oggi l\u2019accordo tra Aerostrutture Spa ed il \u201cCentro d\u2019innovazione della Facolt\u00e0 di Elettrotecnica\u201d di&hellip;<\/p>\n","protected":false},"author":3,"featured_media":1562,"comment_status":"closed","ping_status":"closed","sticky":false,"template":"","format":"standard","meta":{"footnotes":""},"categories":[190],"tags":[],"class_list":["post-1561","post","type-post","status-publish","format-standard","has-post-thumbnail","hentry","category-news"],"yoast_head":"<!-- This site is optimized with the Yoast SEO plugin v27.5 - https:\/\/yoast.com\/product\/yoast-seo-wordpress\/ -->\n<title>Progetto Aviotron \u2013 Accordo con l\u2019Universit\u00e0 di Belgrado. - Aerostrutture S.p.A.<\/title>\n<meta name=\"robots\" content=\"index, follow, max-snippet:-1, max-image-preview:large, max-video-preview:-1\" \/>\n<link rel=\"canonical\" href=\"https:\/\/www.aerostrutture.it\/it\/progetto-aviotron-accordo-con-luniversita-di-belgrado\/\" \/>\n<meta property=\"og:locale\" content=\"it_IT\" \/>\n<meta property=\"og:type\" content=\"article\" \/>\n<meta property=\"og:title\" content=\"Progetto Aviotron \u2013 Accordo con l\u2019Universit\u00e0 di Belgrado. - Aerostrutture S.p.A.\" \/>\n<meta property=\"og:description\" content=\"Firmato oggi l\u2019accordo tra Aerostrutture Spa ed il \u201cCentro d\u2019innovazione della Facolt\u00e0 di Elettrotecnica\u201d di&hellip;\" \/>\n<meta property=\"og:url\" content=\"https:\/\/www.aerostrutture.it\/it\/progetto-aviotron-accordo-con-luniversita-di-belgrado\/\" \/>\n<meta property=\"og:site_name\" content=\"Aerostrutture S.p.A.\" \/>\n<meta property=\"article:published_time\" content=\"2023-05-17T20:53:48+00:00\" \/>\n<meta property=\"article:modified_time\" content=\"2025-05-26T08:21:16+00:00\" \/>\n<meta property=\"og:image\" content=\"https:\/\/www.aerostrutture.it\/wp-content\/uploads\/2023\/05\/Immagine-WhatsApp-2023-05-17-ore-15.34.48.jpg\" \/>\n\t<meta property=\"og:image:width\" content=\"1200\" \/>\n\t<meta property=\"og:image:height\" content=\"1600\" \/>\n\t<meta property=\"og:image:type\" content=\"image\/jpeg\" \/>\n<meta name=\"author\" content=\"aerostrutture\" \/>\n<meta name=\"twitter:card\" content=\"summary_large_image\" \/>\n<meta name=\"twitter:label1\" content=\"Scritto da\" \/>\n\t<meta name=\"twitter:data1\" content=\"aerostrutture\" \/>\n\t<meta name=\"twitter:label2\" content=\"Tempo di lettura stimato\" \/>\n\t<meta name=\"twitter:data2\" content=\"3 minuti\" \/>\n<script type=\"application\/ld+json\" class=\"yoast-schema-graph\">{\"@context\":\"https:\\\/\\\/schema.org\",\"@graph\":[{\"@type\":\"Article\",\"@id\":\"https:\\\/\\\/www.aerostrutture.it\\\/it\\\/progetto-aviotron-accordo-con-luniversita-di-belgrado\\\/#article\",\"isPartOf\":{\"@id\":\"https:\\\/\\\/www.aerostrutture.it\\\/it\\\/progetto-aviotron-accordo-con-luniversita-di-belgrado\\\/\"},\"author\":{\"name\":\"aerostrutture\",\"@id\":\"https:\\\/\\\/www.aerostrutture.it\\\/#\\\/schema\\\/person\\\/61f6877edb09429efac93c877a02efa4\"},\"headline\":\"Progetto Aviotron \u2013 Accordo con l\u2019Universit\u00e0 di Belgrado.\",\"datePublished\":\"2023-05-17T20:53:48+00:00\",\"dateModified\":\"2025-05-26T08:21:16+00:00\",\"mainEntityOfPage\":{\"@id\":\"https:\\\/\\\/www.aerostrutture.it\\\/it\\\/progetto-aviotron-accordo-con-luniversita-di-belgrado\\\/\"},\"wordCount\":352,\"publisher\":{\"@id\":\"https:\\\/\\\/www.aerostrutture.it\\\/#organization\"},\"image\":{\"@id\":\"https:\\\/\\\/www.aerostrutture.it\\\/it\\\/progetto-aviotron-accordo-con-luniversita-di-belgrado\\\/#primaryimage\"},\"thumbnailUrl\":\"https:\\\/\\\/www.aerostrutture.it\\\/wp-content\\\/uploads\\\/2023\\\/05\\\/Immagine-WhatsApp-2023-05-17-ore-15.34.48.jpg\",\"articleSection\":[\"News\"],\"inLanguage\":\"it-IT\"},{\"@type\":\"WebPage\",\"@id\":\"https:\\\/\\\/www.aerostrutture.it\\\/it\\\/progetto-aviotron-accordo-con-luniversita-di-belgrado\\\/\",\"url\":\"https:\\\/\\\/www.aerostrutture.it\\\/it\\\/progetto-aviotron-accordo-con-luniversita-di-belgrado\\\/\",\"name\":\"Progetto Aviotron \u2013 Accordo con l\u2019Universit\u00e0 di Belgrado. - Aerostrutture S.p.A.\",\"isPartOf\":{\"@id\":\"https:\\\/\\\/www.aerostrutture.it\\\/#website\"},\"primaryImageOfPage\":{\"@id\":\"https:\\\/\\\/www.aerostrutture.it\\\/it\\\/progetto-aviotron-accordo-con-luniversita-di-belgrado\\\/#primaryimage\"},\"image\":{\"@id\":\"https:\\\/\\\/www.aerostrutture.it\\\/it\\\/progetto-aviotron-accordo-con-luniversita-di-belgrado\\\/#primaryimage\"},\"thumbnailUrl\":\"https:\\\/\\\/www.aerostrutture.it\\\/wp-content\\\/uploads\\\/2023\\\/05\\\/Immagine-WhatsApp-2023-05-17-ore-15.34.48.jpg\",\"datePublished\":\"2023-05-17T20:53:48+00:00\",\"dateModified\":\"2025-05-26T08:21:16+00:00\",\"breadcrumb\":{\"@id\":\"https:\\\/\\\/www.aerostrutture.it\\\/it\\\/progetto-aviotron-accordo-con-luniversita-di-belgrado\\\/#breadcrumb\"},\"inLanguage\":\"it-IT\",\"potentialAction\":[{\"@type\":\"ReadAction\",\"target\":[\"https:\\\/\\\/www.aerostrutture.it\\\/it\\\/progetto-aviotron-accordo-con-luniversita-di-belgrado\\\/\"]}]},{\"@type\":\"ImageObject\",\"inLanguage\":\"it-IT\",\"@id\":\"https:\\\/\\\/www.aerostrutture.it\\\/it\\\/progetto-aviotron-accordo-con-luniversita-di-belgrado\\\/#primaryimage\",\"url\":\"https:\\\/\\\/www.aerostrutture.it\\\/wp-content\\\/uploads\\\/2023\\\/05\\\/Immagine-WhatsApp-2023-05-17-ore-15.34.48.jpg\",\"contentUrl\":\"https:\\\/\\\/www.aerostrutture.it\\\/wp-content\\\/uploads\\\/2023\\\/05\\\/Immagine-WhatsApp-2023-05-17-ore-15.34.48.jpg\",\"width\":1200,\"height\":1600},{\"@type\":\"BreadcrumbList\",\"@id\":\"https:\\\/\\\/www.aerostrutture.it\\\/it\\\/progetto-aviotron-accordo-con-luniversita-di-belgrado\\\/#breadcrumb\",\"itemListElement\":[{\"@type\":\"ListItem\",\"position\":1,\"name\":\"Home\",\"item\":\"https:\\\/\\\/www.aerostrutture.it\\\/it\\\/\"},{\"@type\":\"ListItem\",\"position\":2,\"name\":\"Progetto Aviotron \u2013 Accordo con l\u2019Universit\u00e0 di Belgrado.\"}]},{\"@type\":\"WebSite\",\"@id\":\"https:\\\/\\\/www.aerostrutture.it\\\/#website\",\"url\":\"https:\\\/\\\/www.aerostrutture.it\\\/\",\"name\":\"Aerostrutture S.p.A.\",\"description\":\"\",\"publisher\":{\"@id\":\"https:\\\/\\\/www.aerostrutture.it\\\/#organization\"},\"potentialAction\":[{\"@type\":\"SearchAction\",\"target\":{\"@type\":\"EntryPoint\",\"urlTemplate\":\"https:\\\/\\\/www.aerostrutture.it\\\/?s={search_term_string}\"},\"query-input\":{\"@type\":\"PropertyValueSpecification\",\"valueRequired\":true,\"valueName\":\"search_term_string\"}}],\"inLanguage\":\"it-IT\"},{\"@type\":\"Organization\",\"@id\":\"https:\\\/\\\/www.aerostrutture.it\\\/#organization\",\"name\":\"Aerostruttura s.p.A.\",\"url\":\"https:\\\/\\\/www.aerostrutture.it\\\/\",\"logo\":{\"@type\":\"ImageObject\",\"inLanguage\":\"it-IT\",\"@id\":\"https:\\\/\\\/www.aerostrutture.it\\\/#\\\/schema\\\/logo\\\/image\\\/\",\"url\":\"https:\\\/\\\/www.aerostrutture.it\\\/wp-content\\\/uploads\\\/2020\\\/06\\\/aerostrutture_logo.png\",\"contentUrl\":\"https:\\\/\\\/www.aerostrutture.it\\\/wp-content\\\/uploads\\\/2020\\\/06\\\/aerostrutture_logo.png\",\"width\":213,\"height\":79,\"caption\":\"Aerostruttura s.p.A.\"},\"image\":{\"@id\":\"https:\\\/\\\/www.aerostrutture.it\\\/#\\\/schema\\\/logo\\\/image\\\/\"}},{\"@type\":\"Person\",\"@id\":\"https:\\\/\\\/www.aerostrutture.it\\\/#\\\/schema\\\/person\\\/61f6877edb09429efac93c877a02efa4\",\"name\":\"aerostrutture\",\"image\":{\"@type\":\"ImageObject\",\"inLanguage\":\"it-IT\",\"@id\":\"https:\\\/\\\/secure.gravatar.com\\\/avatar\\\/780aad60a92c256d06db83e72f305a1dcadff979409d47eb379dde8999afa204?s=96&d=mm&r=g\",\"url\":\"https:\\\/\\\/secure.gravatar.com\\\/avatar\\\/780aad60a92c256d06db83e72f305a1dcadff979409d47eb379dde8999afa204?s=96&d=mm&r=g\",\"contentUrl\":\"https:\\\/\\\/secure.gravatar.com\\\/avatar\\\/780aad60a92c256d06db83e72f305a1dcadff979409d47eb379dde8999afa204?s=96&d=mm&r=g\",\"caption\":\"aerostrutture\"}}]}<\/script>\n<!-- \/ Yoast SEO plugin. -->","yoast_head_json":{"title":"Progetto Aviotron \u2013 Accordo con l\u2019Universit\u00e0 di Belgrado. - Aerostrutture S.p.A.","robots":{"index":"index","follow":"follow","max-snippet":"max-snippet:-1","max-image-preview":"max-image-preview:large","max-video-preview":"max-video-preview:-1"},"canonical":"https:\/\/www.aerostrutture.it\/it\/progetto-aviotron-accordo-con-luniversita-di-belgrado\/","og_locale":"it_IT","og_type":"article","og_title":"Progetto Aviotron \u2013 Accordo con l\u2019Universit\u00e0 di Belgrado. - Aerostrutture S.p.A.","og_description":"Firmato oggi l\u2019accordo tra Aerostrutture Spa ed il \u201cCentro d\u2019innovazione della Facolt\u00e0 di Elettrotecnica\u201d di&hellip;","og_url":"https:\/\/www.aerostrutture.it\/it\/progetto-aviotron-accordo-con-luniversita-di-belgrado\/","og_site_name":"Aerostrutture S.p.A.","article_published_time":"2023-05-17T20:53:48+00:00","article_modified_time":"2025-05-26T08:21:16+00:00","og_image":[{"width":1200,"height":1600,"url":"https:\/\/www.aerostrutture.it\/wp-content\/uploads\/2023\/05\/Immagine-WhatsApp-2023-05-17-ore-15.34.48.jpg","type":"image\/jpeg"}],"author":"aerostrutture","twitter_card":"summary_large_image","twitter_misc":{"Scritto da":"aerostrutture","Tempo di lettura stimato":"3 minuti"},"schema":{"@context":"https:\/\/schema.org","@graph":[{"@type":"Article","@id":"https:\/\/www.aerostrutture.it\/it\/progetto-aviotron-accordo-con-luniversita-di-belgrado\/#article","isPartOf":{"@id":"https:\/\/www.aerostrutture.it\/it\/progetto-aviotron-accordo-con-luniversita-di-belgrado\/"},"author":{"name":"aerostrutture","@id":"https:\/\/www.aerostrutture.it\/#\/schema\/person\/61f6877edb09429efac93c877a02efa4"},"headline":"Progetto Aviotron \u2013 Accordo con l\u2019Universit\u00e0 di Belgrado.","datePublished":"2023-05-17T20:53:48+00:00","dateModified":"2025-05-26T08:21:16+00:00","mainEntityOfPage":{"@id":"https:\/\/www.aerostrutture.it\/it\/progetto-aviotron-accordo-con-luniversita-di-belgrado\/"},"wordCount":352,"publisher":{"@id":"https:\/\/www.aerostrutture.it\/#organization"},"image":{"@id":"https:\/\/www.aerostrutture.it\/it\/progetto-aviotron-accordo-con-luniversita-di-belgrado\/#primaryimage"},"thumbnailUrl":"https:\/\/www.aerostrutture.it\/wp-content\/uploads\/2023\/05\/Immagine-WhatsApp-2023-05-17-ore-15.34.48.jpg","articleSection":["News"],"inLanguage":"it-IT"},{"@type":"WebPage","@id":"https:\/\/www.aerostrutture.it\/it\/progetto-aviotron-accordo-con-luniversita-di-belgrado\/","url":"https:\/\/www.aerostrutture.it\/it\/progetto-aviotron-accordo-con-luniversita-di-belgrado\/","name":"Progetto Aviotron \u2013 Accordo con l\u2019Universit\u00e0 di Belgrado. - Aerostrutture S.p.A.","isPartOf":{"@id":"https:\/\/www.aerostrutture.it\/#website"},"primaryImageOfPage":{"@id":"https:\/\/www.aerostrutture.it\/it\/progetto-aviotron-accordo-con-luniversita-di-belgrado\/#primaryimage"},"image":{"@id":"https:\/\/www.aerostrutture.it\/it\/progetto-aviotron-accordo-con-luniversita-di-belgrado\/#primaryimage"},"thumbnailUrl":"https:\/\/www.aerostrutture.it\/wp-content\/uploads\/2023\/05\/Immagine-WhatsApp-2023-05-17-ore-15.34.48.jpg","datePublished":"2023-05-17T20:53:48+00:00","dateModified":"2025-05-26T08:21:16+00:00","breadcrumb":{"@id":"https:\/\/www.aerostrutture.it\/it\/progetto-aviotron-accordo-con-luniversita-di-belgrado\/#breadcrumb"},"inLanguage":"it-IT","potentialAction":[{"@type":"ReadAction","target":["https:\/\/www.aerostrutture.it\/it\/progetto-aviotron-accordo-con-luniversita-di-belgrado\/"]}]},{"@type":"ImageObject","inLanguage":"it-IT","@id":"https:\/\/www.aerostrutture.it\/it\/progetto-aviotron-accordo-con-luniversita-di-belgrado\/#primaryimage","url":"https:\/\/www.aerostrutture.it\/wp-content\/uploads\/2023\/05\/Immagine-WhatsApp-2023-05-17-ore-15.34.48.jpg","contentUrl":"https:\/\/www.aerostrutture.it\/wp-content\/uploads\/2023\/05\/Immagine-WhatsApp-2023-05-17-ore-15.34.48.jpg","width":1200,"height":1600},{"@type":"BreadcrumbList","@id":"https:\/\/www.aerostrutture.it\/it\/progetto-aviotron-accordo-con-luniversita-di-belgrado\/#breadcrumb","itemListElement":[{"@type":"ListItem","position":1,"name":"Home","item":"https:\/\/www.aerostrutture.it\/it\/"},{"@type":"ListItem","position":2,"name":"Progetto Aviotron \u2013 Accordo con l\u2019Universit\u00e0 di Belgrado."}]},{"@type":"WebSite","@id":"https:\/\/www.aerostrutture.it\/#website","url":"https:\/\/www.aerostrutture.it\/","name":"Aerostrutture S.p.A.","description":"","publisher":{"@id":"https:\/\/www.aerostrutture.it\/#organization"},"potentialAction":[{"@type":"SearchAction","target":{"@type":"EntryPoint","urlTemplate":"https:\/\/www.aerostrutture.it\/?s={search_term_string}"},"query-input":{"@type":"PropertyValueSpecification","valueRequired":true,"valueName":"search_term_string"}}],"inLanguage":"it-IT"},{"@type":"Organization","@id":"https:\/\/www.aerostrutture.it\/#organization","name":"Aerostruttura s.p.A.","url":"https:\/\/www.aerostrutture.it\/","logo":{"@type":"ImageObject","inLanguage":"it-IT","@id":"https:\/\/www.aerostrutture.it\/#\/schema\/logo\/image\/","url":"https:\/\/www.aerostrutture.it\/wp-content\/uploads\/2020\/06\/aerostrutture_logo.png","contentUrl":"https:\/\/www.aerostrutture.it\/wp-content\/uploads\/2020\/06\/aerostrutture_logo.png","width":213,"height":79,"caption":"Aerostruttura s.p.A."},"image":{"@id":"https:\/\/www.aerostrutture.it\/#\/schema\/logo\/image\/"}},{"@type":"Person","@id":"https:\/\/www.aerostrutture.it\/#\/schema\/person\/61f6877edb09429efac93c877a02efa4","name":"aerostrutture","image":{"@type":"ImageObject","inLanguage":"it-IT","@id":"https:\/\/secure.gravatar.com\/avatar\/780aad60a92c256d06db83e72f305a1dcadff979409d47eb379dde8999afa204?s=96&d=mm&r=g","url":"https:\/\/secure.gravatar.com\/avatar\/780aad60a92c256d06db83e72f305a1dcadff979409d47eb379dde8999afa204?s=96&d=mm&r=g","contentUrl":"https:\/\/secure.gravatar.com\/avatar\/780aad60a92c256d06db83e72f305a1dcadff979409d47eb379dde8999afa204?s=96&d=mm&r=g","caption":"aerostrutture"}}]}},"_links":{"self":[{"href":"https:\/\/www.aerostrutture.it\/it\/wp-json\/wp\/v2\/posts\/1561","targetHints":{"allow":["GET"]}}],"collection":[{"href":"https:\/\/www.aerostrutture.it\/it\/wp-json\/wp\/v2\/posts"}],"about":[{"href":"https:\/\/www.aerostrutture.it\/it\/wp-json\/wp\/v2\/types\/post"}],"author":[{"embeddable":true,"href":"https:\/\/www.aerostrutture.it\/it\/wp-json\/wp\/v2\/users\/3"}],"replies":[{"embeddable":true,"href":"https:\/\/www.aerostrutture.it\/it\/wp-json\/wp\/v2\/comments?post=1561"}],"version-history":[{"count":1,"href":"https:\/\/www.aerostrutture.it\/it\/wp-json\/wp\/v2\/posts\/1561\/revisions"}],"predecessor-version":[{"id":18558,"href":"https:\/\/www.aerostrutture.it\/it\/wp-json\/wp\/v2\/posts\/1561\/revisions\/18558"}],"wp:featuredmedia":[{"embeddable":true,"href":"https:\/\/www.aerostrutture.it\/it\/wp-json\/wp\/v2\/media\/1562"}],"wp:attachment":[{"href":"https:\/\/www.aerostrutture.it\/it\/wp-json\/wp\/v2\/media?parent=1561"}],"wp:term":[{"taxonomy":"category","embeddable":true,"href":"https:\/\/www.aerostrutture.it\/it\/wp-json\/wp\/v2\/categories?post=1561"},{"taxonomy":"post_tag","embeddable":true,"href":"https:\/\/www.aerostrutture.it\/it\/wp-json\/wp\/v2\/tags?post=1561"}],"curies":[{"name":"wp","href":"https:\/\/api.w.org\/{rel}","templated":true}]}}